{"id":2207735,"date":"2026-04-16T13:03:42","date_gmt":"2026-04-16T11:03:42","guid":{"rendered":"https:\/\/setmananatura.cat\/2026\/?p=2207735"},"modified":"2026-04-16T13:22:28","modified_gmt":"2026-04-16T11:22:28","slug":"reviu-el-webinar-per-un-futurviu","status":"publish","type":"post","link":"https:\/\/setmananatura.cat\/2026\/2026\/04\/16\/reviu-el-webinar-per-un-futurviu\/","title":{"rendered":"Reviu el Webinar per un #Futurviu"},"content":{"rendered":"<p>El passat 14 d\u2019abril es va organitzar la sessi\u00f3 \u00abWebinar informatiu per a entitats organitzadores de la Setmana de la Natura 2026\u00bb, un espai de trobada per <strong>compartir experi\u00e8ncies, projectes i oportunitats de participaci\u00f3<\/strong> en la conservaci\u00f3 del medi natural. La sessi\u00f3 ha posat el <strong>focus en el paper clau del voluntariat ambiental i la col\u00b7laboraci\u00f3<\/strong> entre entitats, administracions, recerca i ciutadania per fer front als reptes de la biodiversitat.<\/p>\n<p><!--more--><\/p>\n<h2 style=\"text-align: center;\">Actuem avui per un #FUTURVIU<\/h2>\n<p>En primer lloc, la Sara Sabi, t\u00e8cnica de suport en comunicaci\u00f3 i participaci\u00f3 de la <a href=\"https:\/\/xcn.cat\/\">XCN<\/a>, va <strong>presentar l\u2019edici\u00f3 de la Setmana de la Natura 2026<\/strong> i va donar detalls de la seva tem\u00e0tica i objectius. Tamb\u00e9 va mostrar les estad\u00edstiques de l&#8217;edici\u00f3 del 2025, destacant com aquests m\u00e9s de 10 anys de la iniciativa en situen m\u00e9s aprop del #futurviu.<\/p>\n<p>Entre d\u2019altres, va fer un recordatori de:<\/p>\n<ul>\n<li>Com <a href=\"https:\/\/setmananatura.cat\/2026\/afegir-activitat\/\">afegir una activitat<\/a> al web Setmana de la Natura 2026 (<strong>Data l\u00edmit 8 de maig<\/strong>)<\/li>\n<li>Recordatori de <a href=\"https:\/\/setmananatura.cat\/2025\/wp-content\/uploads\/sites\/15\/2024\/03\/2024-REQUISITS-SN.pdf\">requisits<\/a>.<\/li>\n<li>Compartir els <a href=\"https:\/\/setmananatura.cat\/2026\/difusio\/\">materials de difusi\u00f3<\/a>.<\/li>\n<\/ul>\n<h3>Papallones en perill: microreserves per salvar la biodiversitat de Catalunya<\/h3>\n<p><img loading=\"lazy\" decoding=\"async\" class=\"wp-image-2207751 aligncenter\" src=\"http:\/\/setmananatura.cat\/2026\/wp-content\/uploads\/sites\/18\/2026\/04\/papall-300x123.png\" alt=\"\" width=\"598\" height=\"245\" srcset=\"https:\/\/setmananatura.cat\/2026\/wp-content\/uploads\/sites\/18\/2026\/04\/papall-300x123.png 300w, https:\/\/setmananatura.cat\/2026\/wp-content\/uploads\/sites\/18\/2026\/04\/papall-1024x420.png 1024w, https:\/\/setmananatura.cat\/2026\/wp-content\/uploads\/sites\/18\/2026\/04\/papall-768x315.png 768w, https:\/\/setmananatura.cat\/2026\/wp-content\/uploads\/sites\/18\/2026\/04\/papall-1536x629.png 1536w, https:\/\/setmananatura.cat\/2026\/wp-content\/uploads\/sites\/18\/2026\/04\/papall.png 1913w\" sizes=\"auto, (max-width: 598px) 100vw, 598px\" \/><\/p>\n<p>En primer lloc, <strong>Guillem Mas<\/strong>, president de <strong>Paisatges Vius<\/strong>, ha destacat la creaci\u00f3 d\u2019una xarxa de microreserves de papallones, impulsada amb la participaci\u00f3 de m\u00faltiples actors. Un projecte destinat a millorar l&#8217;h\u00e0bitat per les 203 esp\u00e8cies de papallones registrades a Catalunya, de les quals prop de la meitat es troben amena\u00e7ades.<\/p>\n<p>El projecte s\u2019organitza en cinc l\u00ednies estrat\u00e8giques: generar coneixement, planificar els espais, protegir i gestionar els espais, fer el seguiment de la biodiversitat i finalment, divulgar.<\/p>\n<p>Gr\u00e0cies a la implicaci\u00f3 del voluntariat \u2014especialment en el marc del seguiment de papallones\u2014 s\u2019han pogut dur a terme prospeccions d\u2019esp\u00e8cies poc conegudes i identificar zones priorit\u00e0ries de conservaci\u00f3.<\/p>\n<p>Actualment, ja s\u2019han establert 15 microreserves per protegir 12 esp\u00e8cies amena\u00e7ades. Aquestes iniciatives inclouen accions com la gesti\u00f3 de pastures, la plantaci\u00f3 de plantes nutr\u00edcies o l\u2019adaptaci\u00f3 de pr\u00e0ctiques agr\u00edcoles per afavorir la biodiversitat.<\/p>\n<p>Podeu gaudir amb detall de la seva explicaci\u00f3 al <a href=\"https:\/\/www.youtube.com\/watch?v=cRR7yudznQI&amp;t=391s\">webinar<\/a> (minut 12).<\/p>\n<h3>Connectant l&#8217;Ibis ermit\u00e0: programa de cria en captivitat i reintroducci\u00f3<\/h3>\n<p><img loading=\"lazy\" decoding=\"async\" class=\"wp-image-2207750 aligncenter\" src=\"http:\/\/setmananatura.cat\/2026\/wp-content\/uploads\/sites\/18\/2026\/04\/ibis-300x122.png\" alt=\"\" width=\"595\" height=\"242\" srcset=\"https:\/\/setmananatura.cat\/2026\/wp-content\/uploads\/sites\/18\/2026\/04\/ibis-300x122.png 300w, https:\/\/setmananatura.cat\/2026\/wp-content\/uploads\/sites\/18\/2026\/04\/ibis-1024x418.png 1024w, https:\/\/setmananatura.cat\/2026\/wp-content\/uploads\/sites\/18\/2026\/04\/ibis-768x314.png 768w, https:\/\/setmananatura.cat\/2026\/wp-content\/uploads\/sites\/18\/2026\/04\/ibis-1536x627.png 1536w, https:\/\/setmananatura.cat\/2026\/wp-content\/uploads\/sites\/18\/2026\/04\/ibis.png 1913w\" sizes=\"auto, (max-width: 595px) 100vw, 595px\" \/><\/p>\n<p>En segon lloc, <strong>S\u00f2nia Du\u00f1ach<\/strong>, directora t\u00e8cnica de la <strong>Fundaci\u00f3 Alive<\/strong>, ha presentat el projecte de reintroducci\u00f3 de l\u2019ibis ermit\u00e0, un ocell migrador que va desapar\u00e8ixer del nostre territori fa segles i que avui, gr\u00e0cies al programa de migraci\u00f3 assistida, tornen a volar en llibertat per cels empordanesos.<\/p>\n<p>Aquesta iniciativa combina esfor\u00e7os internacionals i destaca per la implicaci\u00f3 del voluntariat, que participa en tasques com l\u2019alimentaci\u00f3, el seguiment dels individus i les activitats d\u2019educaci\u00f3 ambiental.<\/p>\n<p>El projecte requereix un comprom\u00eds regular i una formaci\u00f3 pr\u00e8via, i posa en valor el paper actiu de la ciutadania en la recuperaci\u00f3 d\u2019esp\u00e8cies.<\/p>\n<p>Podeu gaudir amb detall de la seva explicaci\u00f3 al <a href=\"https:\/\/www.youtube.com\/watch?v=cRR7yudznQI&amp;t=391s\">webinar<\/a> (minut 40).<\/p>\n<h3>Combatent les esp\u00e8cies invasores: protecci\u00f3 de la fauna aut\u00f2ctona dels rius<\/h3>\n<p><img loading=\"lazy\" decoding=\"async\" class=\"wp-image-2207748 aligncenter\" src=\"http:\/\/setmananatura.cat\/2026\/wp-content\/uploads\/sites\/18\/2026\/04\/adefa-300x122.png\" alt=\"\" width=\"598\" height=\"243\" srcset=\"https:\/\/setmananatura.cat\/2026\/wp-content\/uploads\/sites\/18\/2026\/04\/adefa-300x122.png 300w, https:\/\/setmananatura.cat\/2026\/wp-content\/uploads\/sites\/18\/2026\/04\/adefa-1024x418.png 1024w, https:\/\/setmananatura.cat\/2026\/wp-content\/uploads\/sites\/18\/2026\/04\/adefa-768x313.png 768w, https:\/\/setmananatura.cat\/2026\/wp-content\/uploads\/sites\/18\/2026\/04\/adefa-1536x627.png 1536w, https:\/\/setmananatura.cat\/2026\/wp-content\/uploads\/sites\/18\/2026\/04\/adefa.png 1914w\" sizes=\"auto, (max-width: 598px) 100vw, 598px\" \/><\/p>\n<p>A tercer lloc, <strong>N\u00faria Valls<\/strong>, directora de l&#8217;associaci\u00f3 <strong>ADEFFA<\/strong> ha donat \u00e8mfasis en els projectes de conservaci\u00f3 d\u2019h\u00e0bitats fluvials i esp\u00e8cies amena\u00e7ades com l&#8217;almasquera, les n\u00e0iades o el cranc de riu aut\u00f2cton. Les quals combinen accions in situ i ex situ amb activitats de sensibilitzaci\u00f3 i participaci\u00f3.<\/p>\n<p>A m\u00e9s, tamb\u00e9 ha il\u00b7lustrat com les jornades de voluntariat, com la recollida de crancs invasors, no nom\u00e9s contribueixen a la conservaci\u00f3 directa sin\u00f3 que tamb\u00e9 tenen un fort impacte educatiu, ajudant a difondre la problem\u00e0tica entre la ciutadania.<\/p>\n<p>Podeu gaudir amb detall de la seva explicaci\u00f3 al <a href=\"https:\/\/www.youtube.com\/watch?v=cRR7yudznQI&amp;t=391s\">webinar<\/a> (minut 60).<\/p>\n<h3>Com poden les biblioteques implicar-se en la Setmana Natura?<\/h3>\n<p><img loading=\"lazy\" decoding=\"async\" class=\"wp-image-2207749 aligncenter\" src=\"http:\/\/setmananatura.cat\/2026\/wp-content\/uploads\/sites\/18\/2026\/04\/doc-300x84.png\" alt=\"\" width=\"600\" height=\"168\" srcset=\"https:\/\/setmananatura.cat\/2026\/wp-content\/uploads\/sites\/18\/2026\/04\/doc-300x84.png 300w, https:\/\/setmananatura.cat\/2026\/wp-content\/uploads\/sites\/18\/2026\/04\/doc-1024x286.png 1024w, https:\/\/setmananatura.cat\/2026\/wp-content\/uploads\/sites\/18\/2026\/04\/doc-768x215.png 768w, https:\/\/setmananatura.cat\/2026\/wp-content\/uploads\/sites\/18\/2026\/04\/doc-1536x429.png 1536w, https:\/\/setmananatura.cat\/2026\/wp-content\/uploads\/sites\/18\/2026\/04\/doc.png 1668w\" sizes=\"auto, (max-width: 600px) 100vw, 600px\" \/><\/p>\n<p>Finalment, per part de la <strong>S\u00edlvia Rabat<\/strong>, membre de la Xarxa de Parcs Naturals de la Diputaci\u00f3 de Barcelona i DocAmbCat, s\u2019ha presentat el servei <strong>#DocAmbCat<\/strong>, biblioteques especialitzades en medi ambient, aix\u00ed com recursos i xarxes de suport que contribueixen a la difusi\u00f3 del coneixement i a la sensibilitzaci\u00f3 ambiental.<\/p>\n<p>Una eina especialment \u00fatil per totes aquelles biblioteques que vulguin innovar en la realitzaci\u00f3 de noves activitats ambientals (m\u00e9s enll\u00e0 de l&#8217;hora del compte i les exposicions).<\/p>\n<p>Podeu con\u00e8ixer m\u00e9s sobre el paper de les biblioteques dins la Setmana Natura en <a href=\"https:\/\/setmananatura.cat\/2026\/2026\/03\/17\/les-biblioteques-un-collectiu-organitzador-clau-i-incondicional-de-la-setmana-de-la-natura\/\">aquesta not\u00edcia<\/a>.<\/p>\n<p>Podeu gaudir amb detall de la seva explicaci\u00f3 al\u00a0<a href=\"https:\/\/www.youtube.com\/watch?v=cRR7yudznQI&amp;t=391s\">webinar\u00a0<\/a>(minut 90).<\/p>\n<p><img loading=\"lazy\" decoding=\"async\" class=\"size-medium wp-image-2207754 aligncenter\" src=\"http:\/\/setmananatura.cat\/2026\/wp-content\/uploads\/sites\/18\/2026\/04\/2663-1024-300x115.png\" alt=\"\" width=\"300\" height=\"115\" srcset=\"https:\/\/setmananatura.cat\/2026\/wp-content\/uploads\/sites\/18\/2026\/04\/2663-1024-300x115.png 300w, https:\/\/setmananatura.cat\/2026\/wp-content\/uploads\/sites\/18\/2026\/04\/2663-1024-1024x394.png 1024w, https:\/\/setmananatura.cat\/2026\/wp-content\/uploads\/sites\/18\/2026\/04\/2663-1024-768x295.png 768w, https:\/\/setmananatura.cat\/2026\/wp-content\/uploads\/sites\/18\/2026\/04\/2663-1024-1536x591.png 1536w, https:\/\/setmananatura.cat\/2026\/wp-content\/uploads\/sites\/18\/2026\/04\/2663-1024-2048x788.png 2048w\" sizes=\"auto, (max-width: 300px) 100vw, 300px\" \/><\/p>\n<p>Des de la\u00a0XCN\u00a0volem agrair a tothom, ponents i assitents al\u00a0webinar, el seu temps i assist\u00e8ncia, i animar a tothom a reviure\u2019l al nostre canal de <a href=\"https:\/\/www.youtube.com\/@XCNatura\">Youtube<\/a> en <a href=\"https:\/\/www.youtube.com\/watch?v=cRR7yudznQI&amp;t=391s\">aquest\u00a0enlla\u00e7<\/a>.<\/p>\n<p>Esperem retrobar-nos del 22 de maig al 5 de juny durant la Setmana de la Natura i us animem a seguir-nos als diferents canals i xarxes (<a href=\"https:\/\/bsky.app\/profile\/setmananatura.cat\">Bluesky<\/a> i <a href=\"https:\/\/www.instagram.com\/setmananatura\/\">Instagram<\/a>).<\/p>\n<p><em><strong>Actuem avui per un #FuturViu<\/strong><\/em><\/p>\n","protected":false},"excerpt":{"rendered":"<p>El passat 14 d\u2019abril es va organitzar la sessi\u00f3 \u00abWebinar informatiu per a entitats organitzadores de la Setmana de la Natura 2026\u00bb, un espai de trobada per compartir experi\u00e8ncies, projectes i oportunitats de participaci\u00f3 en la conservaci\u00f3 del medi natural. La sessi\u00f3 ha posat el focus en el paper clau del voluntariat ambiental i la [&hellip;]<\/p>\n","protected":false},"author":2,"featured_media":2207757,"comment_status":"closed","ping_status":"open","sticky":false,"template":"","format":"standard","meta":{"footnotes":""},"categories":[1],"tags":[],"class_list":["post-2207735","post","type-post","status-publish","format-standard","has-post-thumbnail","hentry","category-general"],"aioseo_notices":[],"_links":{"self":[{"href":"https:\/\/setmananatura.cat\/2026\/wp-json\/wp\/v2\/posts\/2207735","targetHints":{"allow":["GET"]}}],"collection":[{"href":"https:\/\/setmananatura.cat\/2026\/wp-json\/wp\/v2\/posts"}],"about":[{"href":"https:\/\/setmananatura.cat\/2026\/wp-json\/wp\/v2\/types\/post"}],"author":[{"embeddable":true,"href":"https:\/\/setmananatura.cat\/2026\/wp-json\/wp\/v2\/users\/2"}],"replies":[{"embeddable":true,"href":"https:\/\/setmananatura.cat\/2026\/wp-json\/wp\/v2\/comments?post=2207735"}],"version-history":[{"count":16,"href":"https:\/\/setmananatura.cat\/2026\/wp-json\/wp\/v2\/posts\/2207735\/revisions"}],"predecessor-version":[{"id":2207761,"href":"https:\/\/setmananatura.cat\/2026\/wp-json\/wp\/v2\/posts\/2207735\/revisions\/2207761"}],"wp:featuredmedia":[{"embeddable":true,"href":"https:\/\/setmananatura.cat\/2026\/wp-json\/wp\/v2\/media\/2207757"}],"wp:attachment":[{"href":"https:\/\/setmananatura.cat\/2026\/wp-json\/wp\/v2\/media?parent=2207735"}],"wp:term":[{"taxonomy":"category","embeddable":true,"href":"https:\/\/setmananatura.cat\/2026\/wp-json\/wp\/v2\/categories?post=2207735"},{"taxonomy":"post_tag","embeddable":true,"href":"https:\/\/setmananatura.cat\/2026\/wp-json\/wp\/v2\/tags?post=2207735"}],"curies":[{"name":"wp","href":"https:\/\/api.w.org\/{rel}","templated":true}]}}