{"id":2207318,"date":"2026-03-17T11:09:42","date_gmt":"2026-03-17T10:09:42","guid":{"rendered":"https:\/\/setmananatura.cat\/2026\/?p=2207318"},"modified":"2026-03-17T11:10:39","modified_gmt":"2026-03-17T10:10:39","slug":"les-biblioteques-un-collectiu-organitzador-clau-i-incondicional-de-la-setmana-de-la-natura","status":"publish","type":"post","link":"https:\/\/setmananatura.cat\/2026\/2026\/03\/17\/les-biblioteques-un-collectiu-organitzador-clau-i-incondicional-de-la-setmana-de-la-natura\/","title":{"rendered":"Les biblioteques: un col\u00b7lectiu organitzador clau i incondicional de la Setmana de la Natura"},"content":{"rendered":"<p style=\"text-align: justify;\">Un any m\u00e9s arriba la\u00a0Setmana de la Natura, i com des de fa m\u00e9s de\u00a010 anys\u00a0les\u00a0biblioteques\u00a0escalfen motors per oferir la <strong>m\u00e0xima oferta de\u00a0propostes interessants\u00a0per sensibilitzar<\/strong>\u00a0a tothom de la import\u00e0ncia de la natura en les nostres vides i de la for\u00e7a de la implicaci\u00f3 ciutadana en la seva protecci\u00f3. \u00c9s per aix\u00f2, que aquest cop, faran\u00a0seu el lema:\u00a0<strong>\u201cPer un futur viu: la conservaci\u00f3 comen\u00e7a avui\u201d<\/strong><\/p>\n<p style=\"text-align: left;\"><!--more--><\/p>\n<p style=\"text-align: justify;\">L\u2019edici\u00f3 anterior vam comptar amb la\u00a0participaci\u00f3 de <strong>m\u00e9s de 90 biblioteques<\/strong>, les quals van organitzar <strong>140 activitats<\/strong>!<\/p>\n<p style=\"text-align: justify;\">Aquest any, la Xarxa de biblioteques ambientals de Catalunya\u00a0DocAmbCat,\u00a0conjuntament amb altres biblioteques col\u00b7laboradores arreu del territori, organitzaran activitats per parlar de la\u00a0conservaci\u00f3\u00a0de la natura i del paper que podem jugar les persones, des de diferents \u00e0mbits.<\/p>\n<p style=\"text-align: justify;\">La tipologia d\u2019activitats \u00e9s lliure i variada! Ho faran a trav\u00e9s de\u00a0<strong>tallers, xerrades, presentacions de llibres i conta-contes, sortides de la m\u00e0 d\u2019entitats ambientals<\/strong> del territori i moltes altres m\u00e9s!\u00a0A les xarxes socials se\u2019n faran ress\u00f2 i publicaran els continguts amb les etiquetes <strong>#DocAmbCat #LlegeixNatura #SetmanaNatura<\/strong>.<\/p>\n<p><img loading=\"lazy\" decoding=\"async\" class=\"wp-image-2207325 alignright\" style=\"text-align: justify;\" src=\"http:\/\/setmananatura.cat\/2026\/wp-content\/uploads\/sites\/18\/2026\/03\/CARTES-NATUARLMENT-1-300x200.jpg\" alt=\"\" width=\"186\" height=\"124\" srcset=\"https:\/\/setmananatura.cat\/2026\/wp-content\/uploads\/sites\/18\/2026\/03\/CARTES-NATUARLMENT-1-300x200.jpg 300w, https:\/\/setmananatura.cat\/2026\/wp-content\/uploads\/sites\/18\/2026\/03\/CARTES-NATUARLMENT-1-768x512.jpg 768w, https:\/\/setmananatura.cat\/2026\/wp-content\/uploads\/sites\/18\/2026\/03\/CARTES-NATUARLMENT-1.jpg 800w\" sizes=\"auto, (max-width: 186px) 100vw, 186px\" \/><\/p>\n<p style=\"text-align: justify;\">Aquest any, les <strong>primeres 100 biblioteques<\/strong> que inscriguin activitats a la web de la Setmana de la Natura\u00a0<span style=\"text-align: justify;\">rebran un obsequi especial: <\/span>un<span style=\"text-align: justify;\">\u00a0<\/span><a style=\"text-align: justify;\" href=\"https:\/\/adeffa.cat\/pf\/naturalment\/\"><strong>joc de cartes Naturalment de l\u2019associaci\u00f3 ADEFFA<\/strong><\/a><\/p>\n<p>&nbsp;<\/p>\n<p style=\"padding-left: 40px;\"><img loading=\"lazy\" decoding=\"async\" class=\"alignnone wp-image-2207330\" src=\"http:\/\/setmananatura.cat\/2026\/wp-content\/uploads\/sites\/18\/2026\/03\/20250307_114707-225x300.jpg\" alt=\"\" width=\"184\" height=\"245\" srcset=\"https:\/\/setmananatura.cat\/2026\/wp-content\/uploads\/sites\/18\/2026\/03\/20250307_114707-225x300.jpg 225w, https:\/\/setmananatura.cat\/2026\/wp-content\/uploads\/sites\/18\/2026\/03\/20250307_114707-768x1024.jpg 768w, https:\/\/setmananatura.cat\/2026\/wp-content\/uploads\/sites\/18\/2026\/03\/20250307_114707-1152x1536.jpg 1152w, https:\/\/setmananatura.cat\/2026\/wp-content\/uploads\/sites\/18\/2026\/03\/20250307_114707-1536x2048.jpg 1536w, https:\/\/setmananatura.cat\/2026\/wp-content\/uploads\/sites\/18\/2026\/03\/20250307_114707-scaled.jpg 1920w\" sizes=\"auto, (max-width: 184px) 100vw, 184px\" \/> <img loading=\"lazy\" decoding=\"async\" class=\"alignnone wp-image-2207331\" src=\"http:\/\/setmananatura.cat\/2026\/wp-content\/uploads\/sites\/18\/2026\/03\/hora-del-conte-natura-kamishibai-225x300.jpeg\" alt=\"\" width=\"185\" height=\"246\" srcset=\"https:\/\/setmananatura.cat\/2026\/wp-content\/uploads\/sites\/18\/2026\/03\/hora-del-conte-natura-kamishibai-225x300.jpeg 225w, https:\/\/setmananatura.cat\/2026\/wp-content\/uploads\/sites\/18\/2026\/03\/hora-del-conte-natura-kamishibai-768x1024.jpeg 768w, https:\/\/setmananatura.cat\/2026\/wp-content\/uploads\/sites\/18\/2026\/03\/hora-del-conte-natura-kamishibai-1152x1536.jpeg 1152w, https:\/\/setmananatura.cat\/2026\/wp-content\/uploads\/sites\/18\/2026\/03\/hora-del-conte-natura-kamishibai.jpeg 1200w\" sizes=\"auto, (max-width: 185px) 100vw, 185px\" \/>\u00a0<img loading=\"lazy\" decoding=\"async\" class=\"alignnone wp-image-2207341 \" src=\"http:\/\/setmananatura.cat\/2026\/wp-content\/uploads\/sites\/18\/2026\/03\/1024-1820-e1773740885747-187x300.jpg\" alt=\"\" width=\"154\" height=\"247\" srcset=\"https:\/\/setmananatura.cat\/2026\/wp-content\/uploads\/sites\/18\/2026\/03\/1024-1820-e1773740885747-187x300.jpg 187w, https:\/\/setmananatura.cat\/2026\/wp-content\/uploads\/sites\/18\/2026\/03\/1024-1820-e1773740885747-637x1024.jpg 637w, https:\/\/setmananatura.cat\/2026\/wp-content\/uploads\/sites\/18\/2026\/03\/1024-1820-e1773740885747-768x1234.jpg 768w, https:\/\/setmananatura.cat\/2026\/wp-content\/uploads\/sites\/18\/2026\/03\/1024-1820-e1773740885747-956x1536.jpg 956w, https:\/\/setmananatura.cat\/2026\/wp-content\/uploads\/sites\/18\/2026\/03\/1024-1820-e1773740885747.jpg 974w\" sizes=\"auto, (max-width: 154px) 100vw, 154px\" \/> <img loading=\"lazy\" decoding=\"async\" class=\"alignnone wp-image-2207340\" src=\"http:\/\/setmananatura.cat\/2026\/wp-content\/uploads\/sites\/18\/2026\/03\/1024-1365-225x300.jpg\" alt=\"\" width=\"185\" height=\"247\" srcset=\"https:\/\/setmananatura.cat\/2026\/wp-content\/uploads\/sites\/18\/2026\/03\/1024-1365-225x300.jpg 225w, https:\/\/setmananatura.cat\/2026\/wp-content\/uploads\/sites\/18\/2026\/03\/1024-1365-768x1024.jpg 768w, https:\/\/setmananatura.cat\/2026\/wp-content\/uploads\/sites\/18\/2026\/03\/1024-1365.jpg 1024w\" sizes=\"auto, (max-width: 185px) 100vw, 185px\" \/><\/p>\n","protected":false},"excerpt":{"rendered":"<p>Un any m\u00e9s arriba la\u00a0Setmana de la Natura, i com des de fa m\u00e9s de\u00a010 anys\u00a0les\u00a0biblioteques\u00a0escalfen motors per oferir la m\u00e0xima oferta de\u00a0propostes interessants\u00a0per sensibilitzar\u00a0a tothom de la import\u00e0ncia de la natura en les nostres vides i de la for\u00e7a de la implicaci\u00f3 ciutadana en la seva protecci\u00f3. \u00c9s per aix\u00f2, que aquest cop, faran\u00a0seu [&hellip;]<\/p>\n","protected":false},"author":2,"featured_media":2207347,"comment_status":"closed","ping_status":"open","sticky":false,"template":"","format":"standard","meta":{"footnotes":""},"categories":[1],"tags":[],"class_list":["post-2207318","post","type-post","status-publish","format-standard","has-post-thumbnail","hentry","category-general"],"aioseo_notices":[],"_links":{"self":[{"href":"https:\/\/setmananatura.cat\/2026\/wp-json\/wp\/v2\/posts\/2207318","targetHints":{"allow":["GET"]}}],"collection":[{"href":"https:\/\/setmananatura.cat\/2026\/wp-json\/wp\/v2\/posts"}],"about":[{"href":"https:\/\/setmananatura.cat\/2026\/wp-json\/wp\/v2\/types\/post"}],"author":[{"embeddable":true,"href":"https:\/\/setmananatura.cat\/2026\/wp-json\/wp\/v2\/users\/2"}],"replies":[{"embeddable":true,"href":"https:\/\/setmananatura.cat\/2026\/wp-json\/wp\/v2\/comments?post=2207318"}],"version-history":[{"count":19,"href":"https:\/\/setmananatura.cat\/2026\/wp-json\/wp\/v2\/posts\/2207318\/revisions"}],"predecessor-version":[{"id":2207348,"href":"https:\/\/setmananatura.cat\/2026\/wp-json\/wp\/v2\/posts\/2207318\/revisions\/2207348"}],"wp:featuredmedia":[{"embeddable":true,"href":"https:\/\/setmananatura.cat\/2026\/wp-json\/wp\/v2\/media\/2207347"}],"wp:attachment":[{"href":"https:\/\/setmananatura.cat\/2026\/wp-json\/wp\/v2\/media?parent=2207318"}],"wp:term":[{"taxonomy":"category","embeddable":true,"href":"https:\/\/setmananatura.cat\/2026\/wp-json\/wp\/v2\/categories?post=2207318"},{"taxonomy":"post_tag","embeddable":true,"href":"https:\/\/setmananatura.cat\/2026\/wp-json\/wp\/v2\/tags?post=2207318"}],"curies":[{"name":"wp","href":"https:\/\/api.w.org\/{rel}","templated":true}]}}