{"id":2207118,"date":"2026-03-05T14:10:13","date_gmt":"2026-03-05T13:10:13","guid":{"rendered":"https:\/\/setmananatura.cat\/2026\/?p=2207118"},"modified":"2026-03-11T14:15:02","modified_gmt":"2026-03-11T13:15:02","slug":"del-22-de-maig-al-5-de-juny-la-setmana-de-la-natura-impulsa-la-recuperacio-despecies-amenacades","status":"publish","type":"post","link":"https:\/\/setmananatura.cat\/2026\/2026\/03\/05\/del-22-de-maig-al-5-de-juny-la-setmana-de-la-natura-impulsa-la-recuperacio-despecies-amenacades\/","title":{"rendered":"Del 22 de maig al 5 de juny, torna la Setmana de la Natura!"},"content":{"rendered":"<p>La <strong>Setmana de la Natura 2026<\/strong> se celebrar\u00e0 del <strong>22 de maig al 5 de juny<\/strong> amb el focus en la <strong>recuperaci\u00f3 d\u2019esp\u00e8cies amena\u00e7ades.\u00a0<\/strong><\/p>\n<p>Ja pots publicar les teves activitats!<\/p>\n<p><!--more--><\/p>\n<p>La <strong>Setmana de la Natura 2026<\/strong> se celebrar\u00e0 del <strong>22 de maig al 5 de juny<\/strong> i convida entitats, organitzacions i ciutadania a participar en les activitats d\u2019arreu del territori. Despr\u00e9s de l\u2019\u00e8xit de la celebraci\u00f3 del 10\u00e8 aniversari, aquesta <strong>11a edici\u00f3<\/strong> es prepara amb entusiasme i amb la voluntat de continuar mobilitzant la societat en defensa de la natura.<\/p>\n<p>La Setmana de la Natura dona el seu tret de sortida amb el\u00a0<strong>Dia Internacional de la Diversitat Biol\u00f2gica<\/strong>\u00a0(22 de maig), inclou el\u00a0<strong>Dia Europeu dels Parcs<\/strong>\u00a0(24 de maig) i finalitza amb el\u00a0<strong>Dia Mundial del Medi Ambient<\/strong>\u00a0(5 de juny), tres dates clau per recordar la import\u00e0ncia de protegir el patrimoni natural.<\/p>\n<p>Enguany, el tema central ser\u00e0 el paper dels <strong>projectes de recuperaci\u00f3 i conservaci\u00f3 d\u2019esp\u00e8cies amena\u00e7ades<\/strong>, iniciatives essencials per revertir la p\u00e8rdua de biodiversitat. Aquests projectes no nom\u00e9s treballen per salvar esp\u00e8cies, sin\u00f3 tamb\u00e9 per restaurar els h\u00e0bitats dels quals depenen i garantir l\u2019equilibri dels ecosistemes.<\/p>\n<p>La Setmana de la Natura vol ser tamb\u00e9 un espai per <strong>reflexionar sobre els aven\u00e7os aconseguits i els reptes que encara queden per afrontar<\/strong> si es vol assegurar un futur ric en biodiversitat. A trav\u00e9s d\u2019activitats obertes a tothom \u2014sortides de camp, tallers, voluntariats i xerrades\u2014 la ciutadania podr\u00e0 con\u00e8ixer de prop la feina de les entitats ambientals i descobrir com la seva participaci\u00f3 pot contribuir a la protecci\u00f3 del medi natural.<\/p>\n<p>Amb propostes per a tots els p\u00fablics, la iniciativa recorda que la conservaci\u00f3 de la natura \u00e9s una tasca col\u00b7lectiva.<\/p>\n<blockquote><p><em>La natura no es perd si la defensem.<\/em><br \/>\n<em>El futur comen\u00e7a quan la fem tornar.<\/em><\/p><\/blockquote>\n<p><strong>La conservaci\u00f3 comen\u00e7a avui per un #FuturViu<\/strong><\/p>\n<p><strong><img loading=\"lazy\" decoding=\"async\" class=\"alignnone  wp-image-2207249\" src=\"http:\/\/setmananatura.cat\/2026\/wp-content\/uploads\/sites\/18\/2026\/03\/2-2-300x91.png\" alt=\"\" width=\"820\" height=\"249\" srcset=\"https:\/\/setmananatura.cat\/2026\/wp-content\/uploads\/sites\/18\/2026\/03\/2-2-300x91.png 300w, https:\/\/setmananatura.cat\/2026\/wp-content\/uploads\/sites\/18\/2026\/03\/2-2.png 746w\" sizes=\"auto, (max-width: 820px) 100vw, 820px\" \/><\/strong><\/p>\n<p><u><strong>Com es pot participar?<\/strong><\/u><\/p>\n<p>\u25cf\u00a0\u00a0\u00a0\u00a0<strong>Organitza<\/strong> <strong>una activitat<\/strong> per connectar la natura i puja-la a trav\u00e9s del\u00a0formulari web.<\/p>\n<p>Cerca la <strong>col\u00b7laboraci\u00f3 amb les entitats<\/strong> ambientals de la vostra zona: segur que podeu organitzar conjuntament alguna activitat per fer valdre la seva experi\u00e8ncia en tasques de conservaci\u00f3 i defensa de la natura.<\/p>\n<p><em>Alguns exemples:\u00a0sortides d\u2019educaci\u00f3 ambiental, censos, plantades, dinars d\u2019aprofitament, debats sobre les causes de la crisi ecol\u00f2gica, extracci\u00f3 de plantes invasores, confer\u00e8ncies, xerrades, tallers, exposicions, gimcanes\u2026<\/em><\/p>\n<p>\u25cf\u00a0\u00a0\u00a0\u00a0<strong>Difon la Setmana de la Natura<\/strong>\u00a0pr\u00e8viament al vostre entorn, per donar-la a con\u00e8ixer a tothom qui pugui estar interessat a organitzar una activitat o participar-hi (contacta amb mitjans locals, parla\u2019n amb coneguts, amb les entitats properes, etc.).<\/p>\n<p>\u25cf\u00a0\u00a0\u00a0\u00a0<strong>El dia de l\u2019activitat<\/strong>, promociona-la a les xarxes socials amb l\u2019etiqueta <strong>#setmananatura<\/strong>, publicant les fotos de les vostres activitats! Us farem arribar el <strong>bra\u00e7alet solidari<\/strong> #setmananatura perqu\u00e8 ho repartiu entre els participants de les vostres activitats.<\/p>\n<p>Durant la Setmana, podeu seguir totes les activitats que es faran a trav\u00e9s de les xarxes socials amb el hashtag <strong>#setmananatura i #futurviu<\/strong>. Tamb\u00e9 podeu seguir-nos a\u00a0<strong>Bluesky\u00a0<\/strong>o\u00a0<strong>Instagram\u00a0<\/strong>al perfil <strong>@SetmanaNatura<\/strong>.<\/p>\n<p>&nbsp;<\/p>\n<p>&nbsp;<\/p>\n<p><em>La Setmana de la Natura \u00e9s una iniciativa de la Xarxa per a la Conservaci\u00f3 de la Natura (XCN), compta amb el suport del Departament de Territori, Habitatge i Transici\u00f3 ecol\u00f2gica, i amb la col\u00b7laboraci\u00f3 de la Diputaci\u00f3 de Barcelona.<\/em><\/p>\n","protected":false},"excerpt":{"rendered":"<p>La Setmana de la Natura 2026 se celebrar\u00e0 del 22 de maig al 5 de juny amb el focus en la recuperaci\u00f3 d\u2019esp\u00e8cies amena\u00e7ades.\u00a0 Ja pots publicar les teves activitats!<\/p>\n","protected":false},"author":2,"featured_media":2207248,"comment_status":"closed","ping_status":"open","sticky":false,"template":"","format":"standard","meta":{"footnotes":""},"categories":[1],"tags":[],"class_list":["post-2207118","post","type-post","status-publish","format-standard","has-post-thumbnail","hentry","category-general"],"aioseo_notices":[],"_links":{"self":[{"href":"https:\/\/setmananatura.cat\/2026\/wp-json\/wp\/v2\/posts\/2207118","targetHints":{"allow":["GET"]}}],"collection":[{"href":"https:\/\/setmananatura.cat\/2026\/wp-json\/wp\/v2\/posts"}],"about":[{"href":"https:\/\/setmananatura.cat\/2026\/wp-json\/wp\/v2\/types\/post"}],"author":[{"embeddable":true,"href":"https:\/\/setmananatura.cat\/2026\/wp-json\/wp\/v2\/users\/2"}],"replies":[{"embeddable":true,"href":"https:\/\/setmananatura.cat\/2026\/wp-json\/wp\/v2\/comments?post=2207118"}],"version-history":[{"count":12,"href":"https:\/\/setmananatura.cat\/2026\/wp-json\/wp\/v2\/posts\/2207118\/revisions"}],"predecessor-version":[{"id":2207250,"href":"https:\/\/setmananatura.cat\/2026\/wp-json\/wp\/v2\/posts\/2207118\/revisions\/2207250"}],"wp:featuredmedia":[{"embeddable":true,"href":"https:\/\/setmananatura.cat\/2026\/wp-json\/wp\/v2\/media\/2207248"}],"wp:attachment":[{"href":"https:\/\/setmananatura.cat\/2026\/wp-json\/wp\/v2\/media?parent=2207118"}],"wp:term":[{"taxonomy":"category","embeddable":true,"href":"https:\/\/setmananatura.cat\/2026\/wp-json\/wp\/v2\/categories?post=2207118"},{"taxonomy":"post_tag","embeddable":true,"href":"https:\/\/setmananatura.cat\/2026\/wp-json\/wp\/v2\/tags?post=2207118"}],"curies":[{"name":"wp","href":"https:\/\/api.w.org\/{rel}","templated":true}]}}