{"id":2204144,"date":"2025-03-11T13:58:05","date_gmt":"2025-03-11T12:58:05","guid":{"rendered":"https:\/\/setmananatura.cat\/2025\/?p=2204144"},"modified":"2025-03-31T09:38:16","modified_gmt":"2025-03-31T07:38:16","slug":"connectat-al-webinar-per-organitzadors-celebrem-la-natura","status":"publish","type":"post","link":"https:\/\/setmananatura.cat\/2025\/2025\/03\/11\/connectat-al-webinar-per-organitzadors-celebrem-la-natura\/","title":{"rendered":"Connecta\u2019t al webinar per organitzadors: Celebrem la Natura!"},"content":{"rendered":"<p>El 3 d\u2019abril, de 10h a 12h connecta\u2019t al webinar informatiu de la Setmana de la Natura 2025.<\/p>\n<p>Podr\u00e0s con\u00e8ixer exemples d\u2019activitats organitzades per entitats, ajuntaments o biblioteques, i a m\u00e9s, comptarem amb la xerrada de la Teresa Franquesa \u00abSembrant comprom\u00eds: de la sensibilitzaci\u00f3 a l\u2019acci\u00f3 transformadora.\u00bb<\/p>\n<p><!--more--><\/p>\n<p>Comptarem amb la pres\u00e8ncia de la Teresa Franquesa, doctora en Ci\u00e8ncies Biol\u00f2giques i m\u00e0ster en Psicologia Social, cofundadora de la SCEA i pionera en educaci\u00f3 ambiental a Catalunya. Ens oferir\u00e0 la xerrada:<\/p>\n<p><strong>Sembrant comprom\u00eds: de la sensibilitzaci\u00f3 a l\u2019acci\u00f3 transformadora.<\/strong><\/p>\n<p>Les nostres activitats ajuden la gent a con\u00e8ixer la natura i a connectar-hi, per\u00f2, m\u00e9s enll\u00e0 de la bona experi\u00e8ncia, com fomentem un comprom\u00eds real i durador? Com activem la participaci\u00f3? Reflexionarem sobre com passar de la sensibilitzaci\u00f3 a l\u2019acci\u00f3. Com transformar espectadors en actors del canvi?<\/p>\n<p><a href=\"https:\/\/forms.gle\/7N1nRMQD7vYjxwmQ9\">Inscriu-te aqu\u00ed<\/a><\/p>\n<p>Si formes part d\u2019una entitat ambiental, treballes al m\u00f3n de l\u2019educaci\u00f3, biblioteques, parcs naturals, museus, ajuntaments o qualsevol \u00e0mbit vinculat a la conservaci\u00f3 de la natura, no et perdis aquest webinar!<\/p>\n<p><a href=\"http:\/\/setmananatura.cat\/2025\/wp-content\/uploads\/sites\/15\/2025\/03\/SN25_Webinar_org.pdf\"><img loading=\"lazy\" decoding=\"async\" class=\"aligncenter wp-image-2204479 size-large\" src=\"http:\/\/setmananatura.cat\/2025\/wp-content\/uploads\/sites\/15\/2025\/03\/SN25_Webinar_org-724x1024.png\" alt=\"\" width=\"724\" height=\"1024\" srcset=\"https:\/\/setmananatura.cat\/2025\/wp-content\/uploads\/sites\/15\/2025\/03\/SN25_Webinar_org-724x1024.png 724w, https:\/\/setmananatura.cat\/2025\/wp-content\/uploads\/sites\/15\/2025\/03\/SN25_Webinar_org-212x300.png 212w, https:\/\/setmananatura.cat\/2025\/wp-content\/uploads\/sites\/15\/2025\/03\/SN25_Webinar_org-768x1086.png 768w, https:\/\/setmananatura.cat\/2025\/wp-content\/uploads\/sites\/15\/2025\/03\/SN25_Webinar_org-1086x1536.png 1086w, https:\/\/setmananatura.cat\/2025\/wp-content\/uploads\/sites\/15\/2025\/03\/SN25_Webinar_org-1448x2048.png 1448w, https:\/\/setmananatura.cat\/2025\/wp-content\/uploads\/sites\/15\/2025\/03\/SN25_Webinar_org.png 1587w\" sizes=\"auto, (max-width: 724px) 100vw, 724px\" \/><\/a><\/p>\n","protected":false},"excerpt":{"rendered":"<p>El 3 d\u2019abril, de 10h a 12h connecta\u2019t al webinar informatiu de la Setmana de la Natura 2025. Podr\u00e0s con\u00e8ixer exemples d\u2019activitats organitzades per entitats, ajuntaments o biblioteques, i a m\u00e9s, comptarem amb la xerrada de la Teresa Franquesa \u00abSembrant comprom\u00eds: de la sensibilitzaci\u00f3 a l\u2019acci\u00f3 transformadora.\u00bb<\/p>\n","protected":false},"author":2,"featured_media":2204264,"comment_status":"closed","ping_status":"open","sticky":false,"template":"","format":"standard","meta":{"footnotes":""},"categories":[1],"tags":[],"class_list":["post-2204144","post","type-post","status-publish","format-standard","has-post-thumbnail","hentry","category-general"],"aioseo_notices":[],"_links":{"self":[{"href":"https:\/\/setmananatura.cat\/2025\/wp-json\/wp\/v2\/posts\/2204144","targetHints":{"allow":["GET"]}}],"collection":[{"href":"https:\/\/setmananatura.cat\/2025\/wp-json\/wp\/v2\/posts"}],"about":[{"href":"https:\/\/setmananatura.cat\/2025\/wp-json\/wp\/v2\/types\/post"}],"author":[{"embeddable":true,"href":"https:\/\/setmananatura.cat\/2025\/wp-json\/wp\/v2\/users\/2"}],"replies":[{"embeddable":true,"href":"https:\/\/setmananatura.cat\/2025\/wp-json\/wp\/v2\/comments?post=2204144"}],"version-history":[{"count":5,"href":"https:\/\/setmananatura.cat\/2025\/wp-json\/wp\/v2\/posts\/2204144\/revisions"}],"predecessor-version":[{"id":2204482,"href":"https:\/\/setmananatura.cat\/2025\/wp-json\/wp\/v2\/posts\/2204144\/revisions\/2204482"}],"wp:featuredmedia":[{"embeddable":true,"href":"https:\/\/setmananatura.cat\/2025\/wp-json\/wp\/v2\/media\/2204264"}],"wp:attachment":[{"href":"https:\/\/setmananatura.cat\/2025\/wp-json\/wp\/v2\/media?parent=2204144"}],"wp:term":[{"taxonomy":"category","embeddable":true,"href":"https:\/\/setmananatura.cat\/2025\/wp-json\/wp\/v2\/categories?post=2204144"},{"taxonomy":"post_tag","embeddable":true,"href":"https:\/\/setmananatura.cat\/2025\/wp-json\/wp\/v2\/tags?post=2204144"}],"curies":[{"name":"wp","href":"https:\/\/api.w.org\/{rel}","templated":true}]}}