{"id":2204077,"date":"2024-06-12T13:26:20","date_gmt":"2024-06-12T11:26:20","guid":{"rendered":"https:\/\/setmananatura.cat\/2024\/?p=2204077"},"modified":"2024-06-12T13:41:06","modified_gmt":"2024-06-12T11:41:06","slug":"la-setmana-de-la-natura-clou-amb-540-activitats-arreu-de-catalunya-reivindicant-la-importancia-de-la-connectivitat-ecologica","status":"publish","type":"post","link":"https:\/\/setmananatura.cat\/2024\/2024\/06\/12\/la-setmana-de-la-natura-clou-amb-540-activitats-arreu-de-catalunya-reivindicant-la-importancia-de-la-connectivitat-ecologica\/","title":{"rendered":"La Setmana de la Natura clou amb 540 activitats arreu de Catalunya reivindicant la import\u00e0ncia de la connectivitat ecol\u00f2gica"},"content":{"rendered":"<p>El 5 juny, Dia Mundial del Medi Ambient, ha finalitzat la <strong>9a edici\u00f3 de la Setmana de la Natura<\/strong>, en la qual <strong>340 organitzadors<\/strong> han celebrat <strong>540 activitats<\/strong> que han atret milers de persones des del 22 de maig per promoure la implicaci\u00f3 ciutadana en la conservaci\u00f3 de la natura.<\/p>\n<p><!--more--><\/p>\n<p>Un any m\u00e9s, biblioteques, escoles, entitats ambientals, ajuntaments, parcs naturals, empreses<br \/>\no museus han desplegat arreu del pa\u00eds <strong>209 visites guiades, 72 activitats de voluntariat<\/strong><br \/>\n<strong>ambiental, 34 exposicions, 136 cursos i tallers, 78 xerrades, 4 concursos, 10 anellaments <\/strong><strong>d\u2019ocells i d\u2019altres 90 activitats de diferents \u00e0mbits i tem\u00e0tiques.<\/strong><\/p>\n<p>L\u2019esl\u00f2gan d\u2019aquest any ha estat \u201c<strong>Connectem la natura<\/strong>\u201d, per reivindicar la <strong>import\u00e0ncia de<\/strong><br \/>\n<strong>la connectivitat ecol\u00f2gica per a la conservaci\u00f3 de la biodiversitat. <\/strong>Una de les principals causes de la p\u00e8rdua de diversitat biol\u00f2gica s\u00f3n els <strong>canvis en els usos del s\u00f2l<\/strong>, que<br \/>\nprovoquen la reducci\u00f3, deteriorament i la fragmentaci\u00f3, generalment associats a l\u2019efecte<br \/>\nbarrera, la urbanitzaci\u00f3 i la intensificaci\u00f3 o abandonament de l\u2019activitat agr\u00e0ria.<\/p>\n<p>Tot aix\u00f2 acaba provocant la <strong>reducci\u00f3 de la connectivitat ecol\u00f2gica<\/strong>, fet que es veur\u00e0<br \/>\nagreujat pel canvi clim\u00e0tic. Reconnectar els h\u00e0bitats a\u00efllats mitjan\u00e7ant connectors ecol\u00f2gics<br \/>\ns\u2019ha demostrat un m\u00e8tode molt efectiu per evitar els processos d\u2019extinci\u00f3 locals, donar<br \/>\nsuport al flux gen\u00e8tic -i d\u2019aquesta manera a la diversitat gen\u00e8tica- i per mantenir processos<br \/>\necol\u00f2gics com la migraci\u00f3 i adaptaci\u00f3 de les esp\u00e8cies al canvi clim\u00e0tic.<\/p>\n<p><a href=\"http:\/\/setmananatura.cat\/2024\/wp-content\/uploads\/sites\/14\/2024\/06\/2_ARBA_litoral-scaled.jpg\"><img loading=\"lazy\" decoding=\"async\" class=\"aligncenter wp-image-2204081 size-large\" src=\"http:\/\/setmananatura.cat\/2024\/wp-content\/uploads\/sites\/14\/2024\/06\/2_ARBA_litoral-1024x576.jpg\" alt=\"\" width=\"1024\" height=\"576\" srcset=\"https:\/\/setmananatura.cat\/2024\/wp-content\/uploads\/sites\/14\/2024\/06\/2_ARBA_litoral-1024x576.jpg 1024w, https:\/\/setmananatura.cat\/2024\/wp-content\/uploads\/sites\/14\/2024\/06\/2_ARBA_litoral-300x169.jpg 300w, https:\/\/setmananatura.cat\/2024\/wp-content\/uploads\/sites\/14\/2024\/06\/2_ARBA_litoral-768x432.jpg 768w, https:\/\/setmananatura.cat\/2024\/wp-content\/uploads\/sites\/14\/2024\/06\/2_ARBA_litoral-1536x864.jpg 1536w, https:\/\/setmananatura.cat\/2024\/wp-content\/uploads\/sites\/14\/2024\/06\/2_ARBA_litoral-2048x1152.jpg 2048w\" sizes=\"auto, (max-width: 1024px) 100vw, 1024px\" \/><\/a><\/p>\n<h2><strong>En el Dia Mundial del Medi Ambient, la XCN reclama una acci\u00f3 decidida per la conservaci\u00f3 de la natura<\/strong><\/h2>\n<p>El <strong>Dia Mundial del Medi Ambient<\/strong> (DMMA) es celebra el 5 de juny de cada any, i \u00e9s el principal vehicle de les Nacions Unides per fomentar la sensibilitzaci\u00f3 i l&#8217;acci\u00f3 a nivell mundial per a la protecci\u00f3 del nostre medi ambient.<\/p>\n<p>La Setmana de la Natura \u00e9s una iniciativa de la <strong>Xarxa per a la Conservaci\u00f3 de la Natura (XCN) <\/strong>que compta amb el suport del <strong>Departament d\u2019Acci\u00f3 Clim\u00e0tica, Alimentaci\u00f3 i Agenda Rural de la Generalitat<\/strong> (DACC) i la col\u00b7laboraci\u00f3 de la <strong>Diputaci\u00f3 de Barcelona<\/strong>.<\/p>\n<p>La XCN defensa la necessitat de mantenir i fer efectius els compromisos del govern per seguir avan\u00e7ant en revertir la p\u00e8rdua de biodiversitat que viu Catalunya. <strong>Calen moltes mans de la ciutadania, per\u00f2 sobretot una aposta decidida i clara del govern per la conservaci\u00f3 de la natura.<\/strong><\/p>\n<p>Per aix\u00f2, a nivell catal\u00e0, la XCN reclama la <strong>creaci\u00f3 d\u2019una vicepresid\u00e8ncia o departament que assumeixi de manera exclusiva les compet\u00e8ncies de medi ambient i sostenibilitat<\/strong>. A m\u00e9s, \u00e9s necessari el desplegament efectiu de l\u2019Ag\u00e8ncia de la Natura, la correcta aplicaci\u00f3 del Fons de Patrimoni Natural i la creaci\u00f3 d\u2019una llei de patrimoni natural i biodiversitat.<\/p>\n<p><a href=\"http:\/\/setmananatura.cat\/2024\/wp-content\/uploads\/sites\/14\/2024\/06\/6_FestiNAT.jpeg\"><img loading=\"lazy\" decoding=\"async\" class=\"aligncenter wp-image-2204080 size-large\" src=\"http:\/\/setmananatura.cat\/2024\/wp-content\/uploads\/sites\/14\/2024\/06\/6_FestiNAT-1024x722.jpeg\" alt=\"\" width=\"1024\" height=\"722\" srcset=\"https:\/\/setmananatura.cat\/2024\/wp-content\/uploads\/sites\/14\/2024\/06\/6_FestiNAT-1024x722.jpeg 1024w, https:\/\/setmananatura.cat\/2024\/wp-content\/uploads\/sites\/14\/2024\/06\/6_FestiNAT-300x212.jpeg 300w, https:\/\/setmananatura.cat\/2024\/wp-content\/uploads\/sites\/14\/2024\/06\/6_FestiNAT-768x542.jpeg 768w, https:\/\/setmananatura.cat\/2024\/wp-content\/uploads\/sites\/14\/2024\/06\/6_FestiNAT.jpeg 1280w\" sizes=\"auto, (max-width: 1024px) 100vw, 1024px\" \/><\/a><\/p>\n<h2>Activitats destacades de la 9a edici\u00f3 de la Setmana de la Natura<\/h2>\n<h3>FestiNAT: presentaci\u00f3 f\u00edsica de la Setmana de la Natura<\/h3>\n<p>La segona edici\u00f3 del <a href=\"https:\/\/festinat.cat\/\"><strong>FestiNAT<\/strong><\/a>, celebrat el 27 d\u2019abril a la seu de la Fundaci\u00f3 Emys, a <strong>Riudarenes<\/strong>, va aplegar unes 400 persones interessades en con\u00e8ixer i implicar-se amb la conservaci\u00f3 i restauraci\u00f3 de la natura. Aquest any l\u2019esdeveniment va comptar amb la <strong>presentaci\u00f3 de la Setmana de la Natura<\/strong>, ja que la programaci\u00f3 va consistir en un petit tastet d\u2019activitats que s\u00f3n representatives del que s\u2019ha organitzat durant la Setmana de la Natura.<\/p>\n<h3>Aplec dels 4 Rius, a Girona<\/h3>\n<p>El darrer cap de setmana de la Setmana de la Natura es va dur a terme la 5a edici\u00f3 de l\u2019Aplec dels 4 Rius, que va reunir centenars de persones al Parc de la Devesa de Girona. En el marc del projecte GiroNat, l\u2019objectiu de la trobada era fer una festa en format de reivindicaci\u00f3 c\u00edvica del patrimoni fluvial de la ciutat, en l\u2019\u00e0mbit natural, cultural i social.<\/p>\n<p>Va acollir activitats de tot tipus, des de tallers de natura com l\u2019observaci\u00f3 d\u2019ocells, anellaments, jocs per con\u00e8ixer com cuidar l\u2019aigua o activitats de pesca cient\u00edfica per con\u00e8ixer esp\u00e8cies de peixos, el cranc de riu o invertebrats. Tamb\u00e9 es van realitzar tallers pl\u00e0stics i manualitats, visites guiades i activitats de salut i natura, amb la col\u00b7laboraci\u00f3 de desenes d\u2019entitats socials i ambientals de les comarques gironines.<\/p>\n<h3>Jornada de restauraci\u00f3 ambiental, a Cubelles \u2013 ARBA Litoral<\/h3>\n<p>La jornada de restauraci\u00f3 ambiental organitzada per ARBA litoral el dissabte 25 de maig va aplegar 20 persones volunt\u00e0ries, que van col\u00b7laborar amb el manteniment de les 120 plantes aut\u00f2ctones de l\u2019h\u00e0bitat de la roureda litoral, plantades a l\u2019hivern passat a la Plana del Mol\u00ed de\u00a0 Cubelles. Entre les tasques s\u2019inclou la sega parcial d\u2019herb\u00e0cies (com cards, fonolls o fenassos), tot respectant els marges per beneficiar la fauna; encoixinat amb triturat forestal per millorar l\u2019estructura i la fertilitat del s\u00f2l i la captaci\u00f3 h\u00eddrica; la recollida de deixalles i el reg manual.<\/p>\n<h3>Conversem sobre cust\u00f2dia del territori, a l\u2019Ametlla de Mar \u2013 Associaci\u00f3 Gra\u00ebllsia<\/h3>\n<p>El dissabte 1 de juny van aplegar-se persones propiet\u00e0ries, entitats ambientals i representants d\u2019ajuntaments a la jornada \u00abConversem sobre cust\u00f2dia del territori\u00bb. Durant la jornada t\u00e8cnica es va donar a con\u00e8ixer el context de la cust\u00f2dia del territori, quin \u00e9s el seu impacte actual a Catalunya i de quines eines legals disposen les entitats i propietats per portar-la a la pr\u00e0ctica.<\/p>\n<p>Aix\u00ed, es va presentar la \u00abGuia pr\u00e0ctica dels acords de cust\u00f2dia del territori\u00bb, publicada per la XCN, que recull les principals eines legals disponibles per posar en pr\u00e0ctica aquesta estrat\u00e8gia de conservaci\u00f3.<\/p>\n<p><a href=\"http:\/\/setmananatura.cat\/2024\/wp-content\/uploads\/sites\/14\/2024\/06\/DSC_0721-scaled.jpg\"><img loading=\"lazy\" decoding=\"async\" class=\"aligncenter wp-image-2204085 size-large\" src=\"http:\/\/setmananatura.cat\/2024\/wp-content\/uploads\/sites\/14\/2024\/06\/DSC_0721-1024x683.jpg\" alt=\"\" width=\"1024\" height=\"683\" srcset=\"https:\/\/setmananatura.cat\/2024\/wp-content\/uploads\/sites\/14\/2024\/06\/DSC_0721-1024x683.jpg 1024w, https:\/\/setmananatura.cat\/2024\/wp-content\/uploads\/sites\/14\/2024\/06\/DSC_0721-300x200.jpg 300w, https:\/\/setmananatura.cat\/2024\/wp-content\/uploads\/sites\/14\/2024\/06\/DSC_0721-768x512.jpg 768w, https:\/\/setmananatura.cat\/2024\/wp-content\/uploads\/sites\/14\/2024\/06\/DSC_0721-1536x1024.jpg 1536w, https:\/\/setmananatura.cat\/2024\/wp-content\/uploads\/sites\/14\/2024\/06\/DSC_0721-2048x1365.jpg 2048w\" sizes=\"auto, (max-width: 1024px) 100vw, 1024px\" \/><\/a><\/p>\n<h2>Videoclip de Cesk Freixas i ambaixadors populars<\/h2>\n<p>Aquesta novena edici\u00f3 ha comptat amb banda sonora en forma de videoclip: el cantautor <strong>Cesk Freixas<\/strong> ha adaptat el seu \u00e8xit &#8220;La petita Rambla del Poble Sec&#8221; a la tem\u00e0tica ambiental. A trav\u00e9s d&#8217;aquesta versi\u00f3 especial, anomenada &#8220;<strong><a href=\"https:\/\/youtu.be\/YKWlIKwNkY8?si=CHgA0ujkXPTK2x80\">La natura crida<\/a><\/strong>&#8220;, Freixas ens recorda la urg\u00e8ncia de cuidar el nostre planeta i ens anima a unir-nos a la lluita per la seva conservaci\u00f3 de la natura mitjan\u00e7ant les nombroses entitats ambientals dels nostre pa\u00eds.<\/p>\n<p>Aquest any, la iniciativa tamb\u00e9 ha obtingut la complicitat de persones reconegudes dins d\u2019altres \u00e0mbits, com la restauradora i Creu de Sant Jordi <strong>Ada Parellada<\/strong>, el millor xocolater mundial al 2022, <strong>Lluc Crusellas<\/strong>, la periodista de R\u00e0dio 4, <strong>Pilar Sampietro<\/strong>, l\u2019activista ambiental <strong>Olivia Mandle<\/strong>, coneguda com la \u00abGreta Thunberg catalana\u00bb, l\u2019humorista <strong>Godai Garcia<\/strong>, la comunicadora cient\u00edfica <strong>N\u00faria Camp<\/strong>, creadora de CAMP divulgatiu, les bi\u00f2logues <strong>Elisenda Casabona i Cristina Hurtado,<\/strong> impulsores del projecte <strong>Divubio<\/strong>, i les ambient\u00f2logues Marta Josa i Andrea Camacho, creadores del podcast l\u2019<strong>Ovella Verda<\/strong>.<\/p>\n<div class=\"video-wrapper\"><iframe loading=\"lazy\" title=\"La natura crida (Cesk Freixas amb la Xarxa per a la Conservaci\u00f3 de la Natura)\" width=\"1250\" height=\"703\" src=\"https:\/\/www.youtube.com\/embed\/zfrZTvR-SMg?feature=oembed\" frameborder=\"0\" allow=\"accelerometer; autoplay; clipboard-write; encrypted-media; gyroscope; picture-in-picture; web-share\" referrerpolicy=\"strict-origin-when-cross-origin\" allowfullscreen><\/iframe><\/div>\n<h2>I despr\u00e9s de la Setmana Natura&#8230;<\/h2>\n<p>La Setmana de la Natura es consolida com un dels <strong>majors esdeveniments d\u2019implicaci\u00f3 ciutadana pel medi ambient<\/strong> a Catalunya, per\u00f2 es tracta d\u2019una campanya puntual; per aix\u00f2 cal la implicaci\u00f3 de tothom durant tot l\u2019any. A trav\u00e9s del portal <a href=\"https:\/\/voluntariatambiental.cat\/#!\/llistat\">voluntariatambiental.cat<\/a> es pot con\u00e8ixer com participar en accions puntuals o al llarg de l\u2019any amb les entitats del territori, que treballen dia a dia gr\u00e0cies a la participaci\u00f3 desinteressada de moltes persones a favor de la natura.<\/p>\n","protected":false},"excerpt":{"rendered":"<p>El 5 juny, Dia Mundial del Medi Ambient, ha finalitzat la 9a edici\u00f3 de la Setmana de la Natura, en la qual 340 organitzadors han celebrat 540 activitats que han atret milers de persones des del 22 de maig per promoure la implicaci\u00f3 ciutadana en la conservaci\u00f3 de la natura.<\/p>\n","protected":false},"author":2,"featured_media":2204078,"comment_status":"closed","ping_status":"open","sticky":false,"template":"","format":"standard","meta":{"footnotes":""},"categories":[1],"tags":[],"class_list":["post-2204077","post","type-post","status-publish","format-standard","has-post-thumbnail","hentry","category-general"],"aioseo_notices":[],"_links":{"self":[{"href":"https:\/\/setmananatura.cat\/2024\/wp-json\/wp\/v2\/posts\/2204077","targetHints":{"allow":["GET"]}}],"collection":[{"href":"https:\/\/setmananatura.cat\/2024\/wp-json\/wp\/v2\/posts"}],"about":[{"href":"https:\/\/setmananatura.cat\/2024\/wp-json\/wp\/v2\/types\/post"}],"author":[{"embeddable":true,"href":"https:\/\/setmananatura.cat\/2024\/wp-json\/wp\/v2\/users\/2"}],"replies":[{"embeddable":true,"href":"https:\/\/setmananatura.cat\/2024\/wp-json\/wp\/v2\/comments?post=2204077"}],"version-history":[{"count":8,"href":"https:\/\/setmananatura.cat\/2024\/wp-json\/wp\/v2\/posts\/2204077\/revisions"}],"predecessor-version":[{"id":2204091,"href":"https:\/\/setmananatura.cat\/2024\/wp-json\/wp\/v2\/posts\/2204077\/revisions\/2204091"}],"wp:featuredmedia":[{"embeddable":true,"href":"https:\/\/setmananatura.cat\/2024\/wp-json\/wp\/v2\/media\/2204078"}],"wp:attachment":[{"href":"https:\/\/setmananatura.cat\/2024\/wp-json\/wp\/v2\/media?parent=2204077"}],"wp:term":[{"taxonomy":"category","embeddable":true,"href":"https:\/\/setmananatura.cat\/2024\/wp-json\/wp\/v2\/categories?post=2204077"},{"taxonomy":"post_tag","embeddable":true,"href":"https:\/\/setmananatura.cat\/2024\/wp-json\/wp\/v2\/tags?post=2204077"}],"curies":[{"name":"wp","href":"https:\/\/api.w.org\/{rel}","templated":true}]}}