{"id":2201271,"date":"2023-06-09T09:55:39","date_gmt":"2023-06-09T07:55:39","guid":{"rendered":"https:\/\/setmananatura.cat\/2023\/?p=2201271"},"modified":"2023-06-09T09:55:39","modified_gmt":"2023-06-09T07:55:39","slug":"activitats-destacades-de-la-setmana-de-la-natura-2023","status":"publish","type":"post","link":"https:\/\/setmananatura.cat\/2023\/2023\/06\/09\/activitats-destacades-de-la-setmana-de-la-natura-2023\/","title":{"rendered":"Activitats destacades de la Setmana de la Natura 2023"},"content":{"rendered":"<p>En la 8a edici\u00f3 de la Setmana de la Natura, <strong>313 col\u00b7lectius<\/strong> han organitzat <strong>523 activitats<\/strong>. Aquest ha estat el nombre d\u2019activitats segons el tipus d\u2019organitzaci\u00f3:<\/p>\n<p><!--more--><\/p>\n<ul>\n<li><strong>Entitats ambientals<\/strong>: 113 activitats<\/li>\n<li><strong>Parcs naturals<\/strong>: 64 activitats<\/li>\n<li><strong>Biblioteques<\/strong>: 133 activitats<\/li>\n<li><strong>Centres educatius<\/strong>: 77 activitats<\/li>\n<li><strong>Ajuntaments i ens locals<\/strong>: 78 activitats<\/li>\n<li><strong>Empreses<\/strong>: 23 activitats<\/li>\n<li><strong>Centres de recerca<\/strong>: 3 activitats<\/li>\n<li><strong>Altres col\u00b7lectius<\/strong>: 32 activitats<\/li>\n<\/ul>\n<h2>Activitats destacades<\/h2>\n<h3>FestiNAT<\/h3>\n<p>La primera edici\u00f3 del<strong><a href=\"https:\/\/festinat.cat\/\"> FestiNAT<\/a><\/strong>, celebrat el 27 de maig a la seu de la <a href=\"https:\/\/www.fundacioemys.org\/ca\/\">Fundaci\u00f3 Emys<\/a>,\u00a0a <strong>Riudarenes<\/strong>, va aplegar m\u00e9s de 350 persones interessades en con\u00e8ixer i implicar-se amb la conservaci\u00f3 i restauraci\u00f3 de la natura. Petits i grans van trobar-se per participar en tallers, xerrades, a la fira d\u2019entitats, sortides d\u2019observaci\u00f3 de fauna i flora a trav\u00e9s d\u2019un bioblitz, en visites guiades al banc de llavors de la Selva que gestiona la Fundaci\u00f3 Emys i, a m\u00e9s, van poder riure gr\u00e0cies al mon\u00f2leg d\u2019en Godai Garcia. Alhora, diferents estudiants d\u2019ESO i batxillerat van presentar els seus projectes relacionats amb la biodiversitat. Ha estat un esdeveniment impulsat per Fundaci\u00f3 Emys, Oxigenats, ICHN i XCN amb l\u2019objectiu de visibilitzar els projectes de conservaci\u00f3 de les entitats del territori i mostrar com tots podem implicar-nos a trav\u00e9s de la ci\u00e8ncia ciutadana i el voluntariat ambiental.<\/p>\n<h3>Voluntariat ambiental a la Timoneda d\u2019Alf\u00e9s<\/h3>\n<p>La <strong>timoneda d\u2019Alf\u00e9s<\/strong> \u00e9s un espai protegit \u00fanic a Catalunya on viuen esp\u00e8cies d\u2019ocells i invertebrats que no es troben en cap lloc m\u00e9s del pa\u00eds, com l\u2019alosa becuda o el llagost pedra de timoneda, a m\u00e9s de les majors poblacions de terrerola vulgar i cal\u00e0ndria de tota Catalunya. L\u2019activitat va constar d\u2019una explicaci\u00f3 d\u2019aquest espai natural i d\u2019una vista guiada per con\u00e8ixer la timoneda i les aus que hi viuen. A m\u00e9s es va fer un alliberament de xots recuperats al Centre de Recuperaci\u00f3 de Fauna de Vallcalent i una neteja de la brossa i escombraries al voltant de l\u2019antic hangar.<\/p>\n<p>L&#8217;activitat va ser organitzada per l&#8217;<a href=\"https:\/\/trenca.org\/\">associaci\u00f3 Trenca<\/a>.<\/p>\n<h3>Aplec dels 4 Rius<\/h3>\n<p>Durant el darrer cap de setmana de la Setmana Natura es va dur a terme la <strong>3a edici\u00f3 de l\u2019Aplec dels 4 Rius<\/strong>, que va reunir entre 150 i 200 persones al <strong>Parc de la Devesa de Girona<\/strong>, on van poder gaudir de diversos tallers de natura com l\u2019elaboraci\u00f3 de bombes de llavors o de menjadores per ocells, o de pesca cient\u00edfica i d\u2019il\u00b7lustraci\u00f3 naturalista. Tamb\u00e9 es va debatre sobre l\u2019\u00fas social dels espais fluvials amb el Consorci del Ter, a m\u00e9s d\u2019altres activitats culturals, com un taller de circ o de danses tradicionals.<\/p>\n<p>L&#8217;Aplec est\u00e0 impulsat per l\u2019<a href=\"https:\/\/www.sorellona.org\/\">Associaci\u00f3 la Sorellona<\/a> i l\u2019<a href=\"https:\/\/www.naturalistesgirona.org\/ca\">Associaci\u00f3 Naturalistes de Girona<\/a>, i forma part de les activitats del projecte GiroNat &#8211; Gir cap a la renaturalitzaci\u00f3 per una Girona m\u00e9s resilient i saludable; amb el suport de Fundaci\u00f3n Biodiversidad del Ministerio para la Transici\u00f3n Ecol\u00f3gica y el Reto Demogr\u00e1fico (MITECO), en el marc del Plan de Recuperaci\u00f3n, Transformaci\u00f3n y Resiliencia (PRTR), finan\u00e7at per la Uni\u00f3 Europea &#8211; NextGenerationEU.<\/p>\n<h3>Bioblitz de l\u2019Empord\u00e0<\/h3>\n<p>Fins a 80 assistents van participar al <strong>Bioblitz de Mas Castellar de Pont\u00f3s<\/strong>, dissabte 3 de juny, una trobada naturalista on persones de totes les edats van aprendre i con\u00e8ixer m\u00e9s sobre la diversitat de fauna i flora que habita la finca, alhora que van aportar dades molt valuoses per con\u00e8ixer la biodiversitat de l\u2019espai (a trav\u00e9s de l\u2019aplicaci\u00f3 iNaturalist) i aix\u00ed contribuir a definir accions de conservaci\u00f3 de la natura adequades a la seva realitat. Aquesta \u00e9s una activitat impulsada per <a href=\"https:\/\/www.inaturalist.org\/projects\/empordainat\">EmpordaiNat<\/a>, <a href=\"https:\/\/iaeden.cat\/\">IAEDEN<\/a> i XCN, i organitzada en el marc del projecte LIFE ENPLC, on hi participa la XCN, i que t\u00e9 per objectiu promoure la vinculaci\u00f3 de persones propiet\u00e0ries amb entitats de conservaci\u00f3 de la natura a nivell europeu.<\/p>\n<p>En Marc Pons, agricultor i ramader de la finca de Mas Castellar, aposta per obrir les portes de la finca per apropar la natura a tothom: \u00abTrobem interessant realitzar accions com el Bioblitz d\u2019avui per con\u00e8ixer l\u2019estat de la finca, per saber si s\u2019est\u00e0 fent una gesti\u00f3 correcta o no, i perqu\u00e8 ens permet obrir portes i donar a con\u00e8ixer la natura que es troba a la finca, de la que nosaltres tenim la sort de gaudir-ne cada dia. Mas Castellar \u00e9s una finca agr\u00edcola, i en aquest sentit, l\u2019agricultura ecol\u00f2gica o regenerativa juga un paper b\u00e0sic en la preservaci\u00f3 de la biodiversitat, ajudant a mantenir el mosaic agroforestal.\u00bb La finca compta amb un acord de cust\u00f2dia agr\u00e0ria amb Paisatges Vius.<\/p>\n","protected":false},"excerpt":{"rendered":"<p>En la 8a edici\u00f3 de la Setmana de la Natura, 313 col\u00b7lectius han organitzat 523 activitats. Aquest ha estat el nombre d\u2019activitats segons el tipus d\u2019organitzaci\u00f3:<\/p>\n","protected":false},"author":2,"featured_media":2201272,"comment_status":"closed","ping_status":"closed","sticky":false,"template":"","format":"standard","meta":{"footnotes":""},"categories":[1],"tags":[],"class_list":["post-2201271","post","type-post","status-publish","format-standard","has-post-thumbnail","hentry","category-general"],"aioseo_notices":[],"_links":{"self":[{"href":"https:\/\/setmananatura.cat\/2023\/wp-json\/wp\/v2\/posts\/2201271","targetHints":{"allow":["GET"]}}],"collection":[{"href":"https:\/\/setmananatura.cat\/2023\/wp-json\/wp\/v2\/posts"}],"about":[{"href":"https:\/\/setmananatura.cat\/2023\/wp-json\/wp\/v2\/types\/post"}],"author":[{"embeddable":true,"href":"https:\/\/setmananatura.cat\/2023\/wp-json\/wp\/v2\/users\/2"}],"replies":[{"embeddable":true,"href":"https:\/\/setmananatura.cat\/2023\/wp-json\/wp\/v2\/comments?post=2201271"}],"version-history":[{"count":1,"href":"https:\/\/setmananatura.cat\/2023\/wp-json\/wp\/v2\/posts\/2201271\/revisions"}],"predecessor-version":[{"id":2201273,"href":"https:\/\/setmananatura.cat\/2023\/wp-json\/wp\/v2\/posts\/2201271\/revisions\/2201273"}],"wp:featuredmedia":[{"embeddable":true,"href":"https:\/\/setmananatura.cat\/2023\/wp-json\/wp\/v2\/media\/2201272"}],"wp:attachment":[{"href":"https:\/\/setmananatura.cat\/2023\/wp-json\/wp\/v2\/media?parent=2201271"}],"wp:term":[{"taxonomy":"category","embeddable":true,"href":"https:\/\/setmananatura.cat\/2023\/wp-json\/wp\/v2\/categories?post=2201271"},{"taxonomy":"post_tag","embeddable":true,"href":"https:\/\/setmananatura.cat\/2023\/wp-json\/wp\/v2\/tags?post=2201271"}],"curies":[{"name":"wp","href":"https:\/\/api.w.org\/{rel}","templated":true}]}}