{"id":2195936,"date":"2021-05-26T11:59:53","date_gmt":"2021-05-26T09:59:53","guid":{"rendered":"http:\/\/setmananatura.cat\/2021\/?p=2195936"},"modified":"2021-08-27T11:26:00","modified_gmt":"2021-08-27T09:26:00","slug":"gracies-padrins-i-padrines-de-la-setmana-de-la-natura","status":"publish","type":"post","link":"https:\/\/setmananatura.cat\/2021\/2021\/05\/26\/gracies-padrins-i-padrines-de-la-setmana-de-la-natura\/","title":{"rendered":"Gr\u00e0cies padrins i padrines de la Setmana de la Natura!"},"content":{"rendered":"<p>Un any m\u00e9s, la Setmana de la Natura compta amb un seguit de <strong>padrins i padrines<\/strong> que ajuden a <strong>donar a con\u00e8ixer<\/strong> qu\u00e8 \u00e9s el Setmana de la Natura i quines son les activitats que es duen a terme durant els 15 dies que dura.<\/p>\n<p><!--more--><\/p>\n<p>Enguany, a m\u00e9s a m\u00e9s, cada un d&#8217;ells i elles ha apadrinat una entitat i ha participat d&#8217;alguna de les seves activitats!<\/p>\n<p>&nbsp;<\/p>\n<p>Entre els padrins d&#8217;aquesta 6ena edici\u00f3 de la Setmana de la Natura trobem a la cuinera <a href=\"https:\/\/eixarcolant.cat\/agenda\/71\/sortida-etnobotanica-gastronomica\">Ada Parellada, que ha fet una sortida etnobot\u00e0nica amb el Col\u00b7lectiu Eixarcolant<\/a>, l&#8217;instagramer Sr. Postu (@postureiglleida) que <a href=\"https:\/\/www.instagram.com\/p\/CPQzdRFK3MC\/\">participar\u00e0 d&#8217;una recollida de residus a Lleida amb Osmon<\/a> o la cantant <a href=\"https:\/\/setmananatura.cat\/2021\/activitat\/passejada-urbana-dart-i-natura\/\">Alicia Rey que ha organitzat, de la m\u00e0 d&#8217;ADENC, un concert solidari pel medi ambient<\/a> junt amb altres grups de m\u00fasica. I d&#8217;altres com la il\u00b7lustradora Sara Caballeria, el Quim Masferrer o la periodista Cori Calero, que far\u00e0 tres presentacions del seu llibre &#8220;Si el cel es torn\u00e9s vermell. El canvi clim\u00e0tic, con\u00e8ixer-lo per a combatre&#8217;l&#8221;.<\/p>\n<p>&nbsp;<\/p>\n<div style=\"width: 848px;\" class=\"wp-video\"><video class=\"wp-video-shortcode\" id=\"video-2195936-1\" width=\"848\" height=\"480\" preload=\"metadata\" controls=\"controls\"><source type=\"video\/mp4\" src=\"http:\/\/setmananatura.cat\/2021\/wp-content\/uploads\/sites\/10\/2021\/05\/WhatsApp-Video-2021-05-22-at-19.12.21-2.mp4?_=1\" \/><a href=\"http:\/\/setmananatura.cat\/2021\/wp-content\/uploads\/sites\/10\/2021\/05\/WhatsApp-Video-2021-05-22-at-19.12.21-2.mp4\">http:\/\/setmananatura.cat\/2021\/wp-content\/uploads\/sites\/10\/2021\/05\/WhatsApp-Video-2021-05-22-at-19.12.21-2.mp4<\/a><\/video><\/div>\n<p>&nbsp;<\/p>\n<p>Volem agrair la feina que cada any fan els padrins i padrines per donar visibilitat a les entitats i per implicar-se tan activament i altruista en temes de gran import\u00e0ncia com \u00e9s la conservaci\u00f3 de la natura.<\/p>\n<p>&nbsp;<\/p>\n","protected":false},"excerpt":{"rendered":"<p>Un any m\u00e9s, la Setmana de la Natura compta amb un seguit de padrins i padrines que ajuden a donar a con\u00e8ixer qu\u00e8 \u00e9s el Setmana de la Natura i quines son les activitats que es duen a terme durant els 15 dies que dura.<\/p>\n","protected":false},"author":2,"featured_media":2196066,"comment_status":"closed","ping_status":"closed","sticky":false,"template":"","format":"standard","meta":{"footnotes":""},"categories":[1],"tags":[],"class_list":["post-2195936","post","type-post","status-publish","format-standard","has-post-thumbnail","hentry","category-general"],"aioseo_notices":[],"_links":{"self":[{"href":"https:\/\/setmananatura.cat\/2021\/wp-json\/wp\/v2\/posts\/2195936","targetHints":{"allow":["GET"]}}],"collection":[{"href":"https:\/\/setmananatura.cat\/2021\/wp-json\/wp\/v2\/posts"}],"about":[{"href":"https:\/\/setmananatura.cat\/2021\/wp-json\/wp\/v2\/types\/post"}],"author":[{"embeddable":true,"href":"https:\/\/setmananatura.cat\/2021\/wp-json\/wp\/v2\/users\/2"}],"replies":[{"embeddable":true,"href":"https:\/\/setmananatura.cat\/2021\/wp-json\/wp\/v2\/comments?post=2195936"}],"version-history":[{"count":5,"href":"https:\/\/setmananatura.cat\/2021\/wp-json\/wp\/v2\/posts\/2195936\/revisions"}],"predecessor-version":[{"id":2195994,"href":"https:\/\/setmananatura.cat\/2021\/wp-json\/wp\/v2\/posts\/2195936\/revisions\/2195994"}],"wp:featuredmedia":[{"embeddable":true,"href":"https:\/\/setmananatura.cat\/2021\/wp-json\/wp\/v2\/media\/2196066"}],"wp:attachment":[{"href":"https:\/\/setmananatura.cat\/2021\/wp-json\/wp\/v2\/media?parent=2195936"}],"wp:term":[{"taxonomy":"category","embeddable":true,"href":"https:\/\/setmananatura.cat\/2021\/wp-json\/wp\/v2\/categories?post=2195936"},{"taxonomy":"post_tag","embeddable":true,"href":"https:\/\/setmananatura.cat\/2021\/wp-json\/wp\/v2\/tags?post=2195936"}],"curies":[{"name":"wp","href":"https:\/\/api.w.org\/{rel}","templated":true}]}}