{"id":2193624,"date":"2020-09-29T19:08:54","date_gmt":"2020-09-29T17:08:54","guid":{"rendered":"http:\/\/setmananatura.cat\/2020\/?p=2193624"},"modified":"2020-10-02T11:14:28","modified_gmt":"2020-10-02T09:14:28","slug":"participa-al-concurs-de-les-biblioteques-el-meu-arbre","status":"publish","type":"post","link":"https:\/\/setmananatura.cat\/2020\/2020\/09\/29\/participa-al-concurs-de-les-biblioteques-el-meu-arbre\/","title":{"rendered":"Participa al concurs de les biblioteques &#8220;El meu arbre&#8221;"},"content":{"rendered":"<p>Les <strong>biblioteques es sumen de ple<\/strong> a la <strong>5a edici\u00f3 de la Setmana de la Natura<\/strong>. Les biblioteques han representat simb\u00f2licament el lema Natura \u00e9s Salut <strong>a trav\u00e9s dels arbres.\u00a0<\/strong><\/p>\n<p>Normalment les biblioteques p\u00fabliques i els centres amb documentaci\u00f3 ambiental de Catalunya (la Xarxa\u202fDocAmbCat) celebrem la Setmana de la Natura entre el 24 de maig (Dia Europeu dels Parcs) al 5 de juny (Dia Mundial del Medi Ambient), per\u00f2 degut a la pand\u00e8mia les dates s\u2019han mogut del 3 a l\u201911 d\u2019octubre, encaixant-hi tamb\u00e9 una altra efem\u00e8ride prevista, el Dia Internacional de les Aus Migrat\u00f2ries el 10 d\u2019octubre.<\/p>\n<p><!--more--><\/p>\n<p>Per celebrar-ho, m\u00e9s de 50 biblioteques organitzaran activitats com ara xerrades, aparadors de llibres&#8230; per animar als usuaris a <strong>con\u00e8ixer m\u00e9s coses sobre arbres<\/strong> i tot el que hi est\u00e0 relacionat.<\/p>\n<p>&nbsp;<\/p>\n<p><span style=\"color: #339966;\"><strong>Participa al concurs de les biblioteques &#8220;El meu arbre&#8221; i entra al sorteig de diversos premis!<\/strong><\/span><\/p>\n<p>Per fomentar la participaci\u00f3 s\u2019ha organitzat <strong>un concurs amb el sorteig de\u00a03\u00a0premis<\/strong>\u00a0proporcionats per establiments tur\u00edstics i productors del Parc Natural de la Zona Volc\u00e0nica de la Garrotxa.<\/p>\n<p><strong>Per participar-hi<\/strong>, cal que es facin arribar fotos, poemes, dibuixos sobre el tema &#8220;<strong>El meu arbre<\/strong>&#8220;, ja sigui en sala a les biblioteques, per correu electr\u00f2nic, o per mitj\u00e0 de les xarxes socials, penjant-t&#8217;ho a Instagram, Facebook i Twitter (amb els hashtags <strong>#SetmanaNatura <\/strong>i <strong>#ArbresDocAmbCat<\/strong> i etiquetant tamb\u00e9 la vostra biblioteca). La data m\u00e0xima per fer aportacions \u00e9s l\u201911 d\u2019octubre.<\/p>\n<p>&nbsp;<\/p>\n<p><span style=\"color: #339966;\"><strong>Un gran repertori de premis pels participants\u2026 <\/strong><\/span><\/p>\n<p>Totes les persones que <strong>participin<\/strong> a les activitats de les biblioteques durant la Setmana Natura i\/o ens facin arribar o pengin fotos, poemes o dibuixos sobre arbres\u00a0a Instagram,\u00a0Facebook\u00a0o\u00a0Twitter, i ens facilitin les seves dades personals, <strong>entraran al sorteig de<\/strong>:<\/p>\n<p><span style=\"color: #339966;\"><strong>1r premi\u202f\u00a0<\/strong><\/span><br \/>\n1 Nit a l\u2019Hotel La Perla d\u2019Olot amb esmorzar\u202f+\u202f1 \u00e0pat per a 2 persones al Restaurant Font Moixina d\u2019Olot\u202f+\u202f1 cistella de productes de les explotacions de Fet al PNGarrotxa +\u202f1 curs d&#8217;iniciaci\u00f3 a la marxa n\u00f2rdica, per a una persona, de l\u2019empresa Risum.<\/p>\n<p><span style=\"color: #339966;\"><strong>2n premi \u202f\u00a0<\/strong><\/span><br \/>\n1 Nit a l\u2019Hotel per a 2 persones a Cal Sastre de Santa Pau amb esmorzar,\u202fde diumenge a dijous (excepte festius) +1 cistella de productes de les explotacions de Fet al PNGarrotxa + 1 guiatge per la Garrotxa,\u202fper a 2 persones, amb l\u2019empresa Fentours<\/p>\n<p><span style=\"color: #339966;\"><strong>3r premi\u202f\u00a0<\/strong><\/span><br \/>\n1 Cistella de productes\u00a0Verntallat\u00a0de la Cooperativa SAT La Vall d\u2019en Bas<\/p>\n<p>&nbsp;<\/p>\n<p>Consulta les <a href=\"http:\/\/setmananatura.cat\/2020\/wp-content\/uploads\/sites\/9\/2020\/10\/2020_Bases_concurs_SN_biblios_def.pdf\"><strong>bases del concurs<\/strong><\/a> per m\u00e9s informaci\u00f3.<\/p>\n<p>&nbsp;<\/p>\n<p><strong>Tens dubtes?<\/strong> Pots escriure a info@setmananatura.cat<\/p>\n","protected":false},"excerpt":{"rendered":"<p>Les biblioteques es sumen de ple a la 5a edici\u00f3 de la Setmana de la Natura. Les biblioteques han representat simb\u00f2licament el lema Natura \u00e9s Salut a trav\u00e9s dels arbres.\u00a0 Normalment les biblioteques p\u00fabliques i els centres amb documentaci\u00f3 ambiental de Catalunya (la Xarxa\u202fDocAmbCat) celebrem la Setmana de la Natura entre el 24 de maig [&hellip;]<\/p>\n","protected":false},"author":2,"featured_media":2193625,"comment_status":"closed","ping_status":"closed","sticky":false,"template":"","format":"standard","meta":{"footnotes":""},"categories":[18,1],"tags":[],"class_list":["post-2193624","post","type-post","status-publish","format-standard","has-post-thumbnail","hentry","category-destacat","category-general"],"aioseo_notices":[],"_links":{"self":[{"href":"https:\/\/setmananatura.cat\/2020\/wp-json\/wp\/v2\/posts\/2193624","targetHints":{"allow":["GET"]}}],"collection":[{"href":"https:\/\/setmananatura.cat\/2020\/wp-json\/wp\/v2\/posts"}],"about":[{"href":"https:\/\/setmananatura.cat\/2020\/wp-json\/wp\/v2\/types\/post"}],"author":[{"embeddable":true,"href":"https:\/\/setmananatura.cat\/2020\/wp-json\/wp\/v2\/users\/2"}],"replies":[{"embeddable":true,"href":"https:\/\/setmananatura.cat\/2020\/wp-json\/wp\/v2\/comments?post=2193624"}],"version-history":[{"count":4,"href":"https:\/\/setmananatura.cat\/2020\/wp-json\/wp\/v2\/posts\/2193624\/revisions"}],"predecessor-version":[{"id":2193778,"href":"https:\/\/setmananatura.cat\/2020\/wp-json\/wp\/v2\/posts\/2193624\/revisions\/2193778"}],"wp:featuredmedia":[{"embeddable":true,"href":"https:\/\/setmananatura.cat\/2020\/wp-json\/wp\/v2\/media\/2193625"}],"wp:attachment":[{"href":"https:\/\/setmananatura.cat\/2020\/wp-json\/wp\/v2\/media?parent=2193624"}],"wp:term":[{"taxonomy":"category","embeddable":true,"href":"https:\/\/setmananatura.cat\/2020\/wp-json\/wp\/v2\/categories?post=2193624"},{"taxonomy":"post_tag","embeddable":true,"href":"https:\/\/setmananatura.cat\/2020\/wp-json\/wp\/v2\/tags?post=2193624"}],"curies":[{"name":"wp","href":"https:\/\/api.w.org\/{rel}","templated":true}]}}