{"id":2189527,"date":"2019-03-07T17:57:06","date_gmt":"2019-03-07T15:57:06","guid":{"rendered":"http:\/\/setmananatura.cat\/2019\/?p=2189527"},"modified":"2019-04-05T11:46:22","modified_gmt":"2019-04-05T09:46:22","slug":"ja-pots-inscriure-les-teves-activitats-a-la-web","status":"publish","type":"post","link":"https:\/\/setmananatura.cat\/2019\/2019\/03\/07\/ja-pots-inscriure-les-teves-activitats-a-la-web\/","title":{"rendered":"Ja pots inscriure les teves activitats a la web"},"content":{"rendered":"<p>Comen\u00e7a la primavera i amb aix\u00f2 les activitats a la natura s\u2019intensifiquen. \u00c9s un bon moment per reservar-nos les dates de la primera setmana de juny, perqu\u00e8 aquest any al voltant del dia mundial del Medi Ambient, tornem a impulsar la Setmana de la Natura.<\/p>\n<p><!--more--><\/p>\n<p>Una setmana plena d\u2019<span style=\"color: #008000;\"><strong>activitats entorn la conservaci\u00f3 de la natura<\/strong><\/span> i el medi ambient, per posar en valor i donar a con\u00e8ixer tots aquells actors del territori catal\u00e0 que dediquen el seu dia a dia a cuidar la terra, i que difonen el seu coneixement i les seves problem\u00e0tiques: entitats ambientals, parcs naturals, ajuntaments, biblioteques, escoles, empreses, universitats&#8230; diverses organitzacions d\u2019arreu amb l\u2019objectiu com\u00fa de la conservaci\u00f3 del medi ambient.<\/p>\n<p><span style=\"color: #993300;\"><strong>Com participar?<\/strong><\/span><\/p>\n<p>Per aix\u00f2, si ets alguna d\u2019aquestes organitzacions, et convidem a sumar-te a la campanya. <span style=\"color: #008000;\"><strong>Organitza una activitat i inscriu-la a la web\u00a0<a href=\"http:\/\/www.setmananatura.cat\">www.setmananatura.cat<\/a><\/strong><\/span>, on es far\u00e0 difusi\u00f3 de la teva activitat a trav\u00e9s de la web i de les xarxes socials, i a m\u00e9s, <strong>rebr\u00e0s els bra\u00e7alets #SetmanaNatura<\/strong> per regalar als participants.<\/p>\n<p><span style=\"color: #993300;\"><strong>Quines activitats es poden organitzar?<\/strong><\/span><\/p>\n<p>Recuperar el bosc de ribera d\u2019un riu; afavorir la biodiversitat creant una bassa per amfibis, un hotel d\u2019insectes, o fent un hort; observar i anellar ocells amb experts; alliberar fauna aut\u00f2ctona recuperada, una xerrada sobre els valors naturals d&#8217;un espai o les seves problem\u00e0tiques, un taller de cuina amb productes ecol\u00f2gics i de proximitat, ajudar a treure residus dels espais naturals, fins i tot del fons del mar, obrir les portes de la teva entitat i explicar el que feu pel medi ambient&#8230; <strong>les possibilitats s\u00f3n molt grans!<\/strong><\/p>\n<p><img loading=\"lazy\" decoding=\"async\" class=\"alignnone size-full wp-image-2189533\" src=\"http:\/\/setmananatura.cat\/2019\/wp-content\/uploads\/sites\/8\/2019\/03\/170607_DEPANA_twittter-Campanile_2-1.png\" alt=\"\" width=\"794\" height=\"189\" srcset=\"https:\/\/setmananatura.cat\/2019\/wp-content\/uploads\/sites\/8\/2019\/03\/170607_DEPANA_twittter-Campanile_2-1.png 794w, https:\/\/setmananatura.cat\/2019\/wp-content\/uploads\/sites\/8\/2019\/03\/170607_DEPANA_twittter-Campanile_2-1-300x71.png 300w, https:\/\/setmananatura.cat\/2019\/wp-content\/uploads\/sites\/8\/2019\/03\/170607_DEPANA_twittter-Campanile_2-1-768x183.png 768w\" sizes=\"auto, (max-width: 794px) 100vw, 794px\" \/><\/p>\n<p><span style=\"color: #993300;\"><strong>Per\u00f2 a m\u00e9s a m\u00e9s de tot aix\u00f2, aquest any ens esperen algunes novetats&#8230;<\/strong><\/span><\/p>\n<ul>\n<li><span style=\"color: #008000;\"><strong>Esp\u00e8cies ex\u00f2tiques invasores<\/strong><\/span><\/li>\n<\/ul>\n<p>Com a segona causa de p\u00e8rdua de biodiversitat al m\u00f3n, l\u2019edici\u00f3 d\u2019aquest any anir\u00e0 entorn el coneixement i la prevenci\u00f3 de les esp\u00e8cies invasores, fomentant xerrades i accions de voluntariat al voltant d\u2019aquesta tem\u00e0tica.<\/p>\n<ul>\n<li><span style=\"color: #008000;\"><strong>Festes de la Natura<\/strong><\/span><\/li>\n<\/ul>\n<p>El dia que culmina la setmana, el diumenge 9 de juny, s\u2019organitzaran de forma simult\u00e0nia 5 actes centrals\u00a0 entorn el voluntariat ambiental repartits pel territori, per tal d\u2019incentivar a tothom a <strong>vincular-se amb les entitats ambientals m\u00e9s properes<\/strong>. S\u2019elaborar\u00e0 un programa d\u2019activitats entorn les esp\u00e8cies ex\u00f2tiques invasores i la conservaci\u00f3 de la natura durant tot el dia, amb la col\u00b7laboraci\u00f3 de diferents entitats ambientals, socials i culturals, administracions i empreses.<\/p>\n<ul>\n<li><span style=\"color: #008000;\"><strong>Concurs #LlegeixNatura<\/strong><\/span><\/li>\n<\/ul>\n<p>Les biblioteques es sumen de ple aquest any a la setmana sota el lema <strong>Llegeix Natura.<\/strong>\u00a0Els diferents serveis de lectura p\u00fablica de Catalunya organitzaran activitats per animar als usuaris a llegir o consultar el fons ambiental documental: un gran repertori de llibres sobre natura i medi ambient. Per fomentar la participaci\u00f3, s\u2019organitzar\u00e0 un <strong>concurs amb 3 categories de premis<\/strong>, on les persones participants a les activitats de les biblioteques hauran de pujar una foto a Instagram on aparegui el bra\u00e7alet #setmananatura i l\u2019activitat que estan realitzant a la biblioteca. Per m\u00e9s informaci\u00f3 es poden consultar les <a href=\"http:\/\/setmananatura.cat\/2019\/wp-content\/uploads\/sites\/8\/2019\/04\/Bases-concurs-llegeixnatura.pdf\">bases del concurs<\/a>.<\/p>\n<p>Durant la Setmana, podeu seguir totes les activitats que es faran a trav\u00e9s de les xarxes socials amb el hashtag\u00a0<strong>#setmananatura<\/strong>. Tamb\u00e9 podeu seguir-nos a\u00a0<a href=\"https:\/\/www.facebook.com\/SetmanaNatura\/\">Facebook<\/a>,\u00a0<a href=\"https:\/\/twitter.com\/SetmanaNatura\">Twitter<\/a>\u00a0o\u00a0<a href=\"https:\/\/www.instagram.com\/setmananatura\/\">Instagram<\/a>\u00a0al perfil <strong>@SetmanaNatura<\/strong>. Per qualsevol dubte o suggeriment, poseu-vos en contacte amb nosaltres a\u00a0<strong>info@setmananatura.cat<\/strong>\u00a0i us informarem!<\/p>\n","protected":false},"excerpt":{"rendered":"<p>Comen\u00e7a la primavera i amb aix\u00f2 les activitats a la natura s\u2019intensifiquen. \u00c9s un bon moment per reservar-nos les dates de la primera setmana de juny, perqu\u00e8 aquest any al voltant del dia mundial del Medi Ambient, tornem a impulsar la Setmana de la Natura.<\/p>\n","protected":false},"author":2,"featured_media":2189511,"comment_status":"closed","ping_status":"open","sticky":false,"template":"","format":"standard","meta":{"footnotes":""},"categories":[1],"tags":[435,434,433],"class_list":["post-2189527","post","type-post","status-publish","format-standard","has-post-thumbnail","hentry","category-general","tag-activitats","tag-organitza-activitats","tag-setmana-natura"],"aioseo_notices":[],"_links":{"self":[{"href":"https:\/\/setmananatura.cat\/2019\/wp-json\/wp\/v2\/posts\/2189527","targetHints":{"allow":["GET"]}}],"collection":[{"href":"https:\/\/setmananatura.cat\/2019\/wp-json\/wp\/v2\/posts"}],"about":[{"href":"https:\/\/setmananatura.cat\/2019\/wp-json\/wp\/v2\/types\/post"}],"author":[{"embeddable":true,"href":"https:\/\/setmananatura.cat\/2019\/wp-json\/wp\/v2\/users\/2"}],"replies":[{"embeddable":true,"href":"https:\/\/setmananatura.cat\/2019\/wp-json\/wp\/v2\/comments?post=2189527"}],"version-history":[{"count":10,"href":"https:\/\/setmananatura.cat\/2019\/wp-json\/wp\/v2\/posts\/2189527\/revisions"}],"predecessor-version":[{"id":2189840,"href":"https:\/\/setmananatura.cat\/2019\/wp-json\/wp\/v2\/posts\/2189527\/revisions\/2189840"}],"wp:featuredmedia":[{"embeddable":true,"href":"https:\/\/setmananatura.cat\/2019\/wp-json\/wp\/v2\/media\/2189511"}],"wp:attachment":[{"href":"https:\/\/setmananatura.cat\/2019\/wp-json\/wp\/v2\/media?parent=2189527"}],"wp:term":[{"taxonomy":"category","embeddable":true,"href":"https:\/\/setmananatura.cat\/2019\/wp-json\/wp\/v2\/categories?post=2189527"},{"taxonomy":"post_tag","embeddable":true,"href":"https:\/\/setmananatura.cat\/2019\/wp-json\/wp\/v2\/tags?post=2189527"}],"curies":[{"name":"wp","href":"https:\/\/api.w.org\/{rel}","templated":true}]}}