{"id":933,"date":"2018-04-26T10:51:33","date_gmt":"2018-04-26T08:51:33","guid":{"rendered":"http:\/\/setmananatura.cat\/2018\/?p=933"},"modified":"2018-05-02T13:01:02","modified_gmt":"2018-05-02T11:01:02","slug":"padrins-de-la-setmana-de-la-natura-la-pilarin-bayes-i-el-seu-vincle-amb-la-natura","status":"publish","type":"post","link":"https:\/\/setmananatura.cat\/2018\/2018\/04\/26\/padrins-de-la-setmana-de-la-natura-la-pilarin-bayes-i-el-seu-vincle-amb-la-natura\/","title":{"rendered":"Padrins de la Setmana de la Natura: la Pilar\u00edn Bay\u00e9s i el seu vincle amb la Natura"},"content":{"rendered":"<p>Enguany tornem a tenir la participaci\u00f3 destacada de diversos <strong>padrins i padrines<\/strong> per promocionar la Setmana de la Natura. El segon dels padrins que us presentem \u00e9s la <strong>Pilar\u00edn Bay\u00e9s<\/strong>, la il\u00b7lustre artista vigatana que en vora 50 anys ha dibuixat nombrosos elements de la natura del nostre pa\u00eds.<br \/>\n<!--more--><\/p>\n<p>La Pilar\u00edn ens explica el seu <strong>vincle amb la natura<\/strong>, que \u00e9s per ella i com podem ficar el <strong>nostre granet de sorra<\/strong> per ajudar-la.<\/p>\n<p><iframe loading=\"lazy\" width=\"850\" height=\"478\" src=\"https:\/\/www.youtube.com\/embed\/tq3A_iJjqq8?feature=oembed\" frameborder=\"0\" allow=\"autoplay; encrypted-media\" allowfullscreen><\/iframe><\/p>\n<p>&nbsp;<\/p>\n<p>I aqu\u00ed teniu la versi\u00f3 llarga, amb diverses reflexions del meteor\u00f2leg:<\/p>\n<p><iframe loading=\"lazy\" width=\"850\" height=\"478\" src=\"https:\/\/www.youtube.com\/embed\/eqXRVHpr5Vs?feature=oembed\" frameborder=\"0\" allow=\"autoplay; encrypted-media\" allowfullscreen><\/iframe><\/p>\n<p>Esperem que us agradin!<\/p>\n","protected":false},"excerpt":{"rendered":"<p>Enguany tornem a tenir la participaci\u00f3 destacada de diversos padrins i padrines per promocionar la Setmana de la Natura. El segon dels padrins que us presentem \u00e9s la Pilar\u00edn Bay\u00e9s, la il\u00b7lustre artista vigatana que en vora 50 anys ha dibuixat nombrosos elements de la natura del nostre pa\u00eds.<\/p>\n","protected":false},"author":2,"featured_media":938,"comment_status":"closed","ping_status":"open","sticky":false,"template":"","format":"standard","meta":{"footnotes":""},"categories":[1],"tags":[],"class_list":["post-933","post","type-post","status-publish","format-standard","has-post-thumbnail","hentry","category-general"],"aioseo_notices":[],"_links":{"self":[{"href":"https:\/\/setmananatura.cat\/2018\/wp-json\/wp\/v2\/posts\/933","targetHints":{"allow":["GET"]}}],"collection":[{"href":"https:\/\/setmananatura.cat\/2018\/wp-json\/wp\/v2\/posts"}],"about":[{"href":"https:\/\/setmananatura.cat\/2018\/wp-json\/wp\/v2\/types\/post"}],"author":[{"embeddable":true,"href":"https:\/\/setmananatura.cat\/2018\/wp-json\/wp\/v2\/users\/2"}],"replies":[{"embeddable":true,"href":"https:\/\/setmananatura.cat\/2018\/wp-json\/wp\/v2\/comments?post=933"}],"version-history":[{"count":8,"href":"https:\/\/setmananatura.cat\/2018\/wp-json\/wp\/v2\/posts\/933\/revisions"}],"predecessor-version":[{"id":1023,"href":"https:\/\/setmananatura.cat\/2018\/wp-json\/wp\/v2\/posts\/933\/revisions\/1023"}],"wp:featuredmedia":[{"embeddable":true,"href":"https:\/\/setmananatura.cat\/2018\/wp-json\/wp\/v2\/media\/938"}],"wp:attachment":[{"href":"https:\/\/setmananatura.cat\/2018\/wp-json\/wp\/v2\/media?parent=933"}],"wp:term":[{"taxonomy":"category","embeddable":true,"href":"https:\/\/setmananatura.cat\/2018\/wp-json\/wp\/v2\/categories?post=933"},{"taxonomy":"post_tag","embeddable":true,"href":"https:\/\/setmananatura.cat\/2018\/wp-json\/wp\/v2\/tags?post=933"}],"curies":[{"name":"wp","href":"https:\/\/api.w.org\/{rel}","templated":true}]}}