{"id":382,"date":"2018-03-23T16:39:31","date_gmt":"2018-03-23T14:39:31","guid":{"rendered":"http:\/\/setmananatura.cat\/2018\/?p=382"},"modified":"2018-04-09T13:47:21","modified_gmt":"2018-04-09T11:47:21","slug":"la-setmana-de-la-natura-formara-part-de-la-setmana-europea-del-desenvolupament-sostenible","status":"publish","type":"post","link":"https:\/\/setmananatura.cat\/2018\/2018\/03\/23\/la-setmana-de-la-natura-formara-part-de-la-setmana-europea-del-desenvolupament-sostenible\/","title":{"rendered":"La Setmana de la Natura formar\u00e0 part de la Setmana Europea del Desenvolupament Sostenible"},"content":{"rendered":"<p><strong>La European Sustainable Development Week (ESDW) \u00e9s una iniciativa europea que t\u00e9 per objectiu estimular i fer visibles les activitats, els projectes i els esdeveniments que promouen el desenvolupament sostenible arreu d\u2019Europa.<\/strong><\/p>\n<p>L&#8217;edici\u00f3 d&#8217;enguany de l\u2019ESDW tindr\u00e0 lloc del 30 de maig al 5 de juny.<\/p>\n<p><!--more--><\/p>\n<p>L\u2019ESDW est\u00e0 oberta a la participaci\u00f3 d\u2019una gran varietat d\u2019organitzacions: governs, centres de recerca, centres educatius, museus, empreses, associacions i altres entitats del m\u00f3n civil, aix\u00ed com al conjunt de la ciutadania. Tots ells hi poden participar presentant iniciatives (confer\u00e8ncies, exposicions, projectes educatius, etc.) que estiguin relacionats amb algun dels 17 Objectius de Desenvolupament Sostenible de NNUU.<\/p>\n<p><strong>Com es poden inscriure les activitats? <\/strong><\/p>\n<p>Les activitats es poden inscriure a trav\u00e9s del <a href=\"http:\/\/www.esdw.eu\/\">seu web<\/a>. Ara mateix hi han registrades 309 iniciatives en 14 pa\u00efsos arreu d\u2019Europa. Participa-hi i fes visible la teva activitat a Europa!<\/p>\n","protected":false},"excerpt":{"rendered":"<p>La European Sustainable Development Week (ESDW) \u00e9s una iniciativa europea que t\u00e9 per objectiu estimular i fer visibles les activitats, els projectes i els esdeveniments que promouen el desenvolupament sostenible arreu d\u2019Europa. L&#8217;edici\u00f3 d&#8217;enguany de l\u2019ESDW tindr\u00e0 lloc del 30 de maig al 5 de juny.<\/p>\n","protected":false},"author":2,"featured_media":384,"comment_status":"closed","ping_status":"open","sticky":false,"template":"","format":"standard","meta":{"footnotes":""},"categories":[1],"tags":[],"class_list":["post-382","post","type-post","status-publish","format-standard","has-post-thumbnail","hentry","category-general"],"aioseo_notices":[],"_links":{"self":[{"href":"https:\/\/setmananatura.cat\/2018\/wp-json\/wp\/v2\/posts\/382","targetHints":{"allow":["GET"]}}],"collection":[{"href":"https:\/\/setmananatura.cat\/2018\/wp-json\/wp\/v2\/posts"}],"about":[{"href":"https:\/\/setmananatura.cat\/2018\/wp-json\/wp\/v2\/types\/post"}],"author":[{"embeddable":true,"href":"https:\/\/setmananatura.cat\/2018\/wp-json\/wp\/v2\/users\/2"}],"replies":[{"embeddable":true,"href":"https:\/\/setmananatura.cat\/2018\/wp-json\/wp\/v2\/comments?post=382"}],"version-history":[{"count":1,"href":"https:\/\/setmananatura.cat\/2018\/wp-json\/wp\/v2\/posts\/382\/revisions"}],"predecessor-version":[{"id":385,"href":"https:\/\/setmananatura.cat\/2018\/wp-json\/wp\/v2\/posts\/382\/revisions\/385"}],"wp:featuredmedia":[{"embeddable":true,"href":"https:\/\/setmananatura.cat\/2018\/wp-json\/wp\/v2\/media\/384"}],"wp:attachment":[{"href":"https:\/\/setmananatura.cat\/2018\/wp-json\/wp\/v2\/media?parent=382"}],"wp:term":[{"taxonomy":"category","embeddable":true,"href":"https:\/\/setmananatura.cat\/2018\/wp-json\/wp\/v2\/categories?post=382"},{"taxonomy":"post_tag","embeddable":true,"href":"https:\/\/setmananatura.cat\/2018\/wp-json\/wp\/v2\/tags?post=382"}],"curies":[{"name":"wp","href":"https:\/\/api.w.org\/{rel}","templated":true}]}}