{"id":137,"date":"2018-03-06T12:35:20","date_gmt":"2018-03-06T10:35:20","guid":{"rendered":"http:\/\/setmananatura.cat\/2018\/?p=137"},"modified":"2018-03-09T10:39:15","modified_gmt":"2018-03-09T08:39:15","slug":"obsequiarem-tots-els-participants-a-les-activitats-de-la-setmana-amb-un-bracalet-solidari-setmananatura","status":"publish","type":"post","link":"https:\/\/setmananatura.cat\/2018\/2018\/03\/06\/obsequiarem-tots-els-participants-a-les-activitats-de-la-setmana-amb-un-bracalet-solidari-setmananatura\/","title":{"rendered":"Obsequiarem tots els participants a les activitats de la Setmana amb un bra\u00e7alet solidari #setmananatura"},"content":{"rendered":"<p>Aquest 2018 repetim l\u2019experi\u00e8ncia de l\u2019any passat i tornarem a obsequiar tots els que participeu a les activitats amb un bra\u00e7alet verd solidari!<\/p>\n<p>Les polseres duen serigrafiada l\u2019etiqueta #setmananatura, la qual podreu utilitzar d\u2019ara i fins el final de la Setmana per fer-ne menci\u00f3 a les xarxes socials. Aix\u00ed mateix, us animem a qu\u00e8 durant l\u2019activitat a la qual participeu, us feu una fotografia amb la polsera i la pengeu a les xarxes socials!<br \/>\n<!--more--><\/p>\n<p>Les polseres s\u00f3n de cot\u00f3 natural i les hem fet en col\u00b7laboraci\u00f3 amb MaresMon, una entitat solid\u00e0ria sense \u00e0nim de <img loading=\"lazy\" decoding=\"async\" class=\"size-full wp-image-138 alignright\" src=\"http:\/\/setmananatura.cat\/2018\/wp-content\/uploads\/sites\/3\/2018\/03\/cropped-logomaresmon2-300x901.png\" alt=\"\" width=\"300\" height=\"90\" \/>lucre que treballa des del voluntariat en favor d\u2019una societat m\u00e9s justa, igualit\u00e0ria i afavorint la cohesi\u00f3 social. Els bra\u00e7alets #setmananatura els han acabat dones amb risc d\u2019exclusi\u00f3 social que participen al programa \u201cTotdraps\u201c.<\/p>\n<p>Amb tot, volem donar un valor afegit a l\u2019obsequi de la Setmana de la Natura, en la l\u00ednia dels valors i objectius de la mateixa. Esperem que us agradin!<\/p>\n","protected":false},"excerpt":{"rendered":"<p>Aquest 2018 repetim l\u2019experi\u00e8ncia de l\u2019any passat i tornarem a obsequiar tots els que participeu a les activitats amb un bra\u00e7alet verd solidari! Les polseres duen serigrafiada l\u2019etiqueta #setmananatura, la qual podreu utilitzar d\u2019ara i fins el final de la Setmana per fer-ne menci\u00f3 a les xarxes socials. Aix\u00ed mateix, us animem a qu\u00e8 durant [&hellip;]<\/p>\n","protected":false},"author":2,"featured_media":147,"comment_status":"closed","ping_status":"open","sticky":false,"template":"","format":"standard","meta":{"footnotes":""},"categories":[1],"tags":[],"class_list":["post-137","post","type-post","status-publish","format-standard","has-post-thumbnail","hentry","category-general"],"aioseo_notices":[],"_links":{"self":[{"href":"https:\/\/setmananatura.cat\/2018\/wp-json\/wp\/v2\/posts\/137","targetHints":{"allow":["GET"]}}],"collection":[{"href":"https:\/\/setmananatura.cat\/2018\/wp-json\/wp\/v2\/posts"}],"about":[{"href":"https:\/\/setmananatura.cat\/2018\/wp-json\/wp\/v2\/types\/post"}],"author":[{"embeddable":true,"href":"https:\/\/setmananatura.cat\/2018\/wp-json\/wp\/v2\/users\/2"}],"replies":[{"embeddable":true,"href":"https:\/\/setmananatura.cat\/2018\/wp-json\/wp\/v2\/comments?post=137"}],"version-history":[{"count":3,"href":"https:\/\/setmananatura.cat\/2018\/wp-json\/wp\/v2\/posts\/137\/revisions"}],"predecessor-version":[{"id":204,"href":"https:\/\/setmananatura.cat\/2018\/wp-json\/wp\/v2\/posts\/137\/revisions\/204"}],"wp:featuredmedia":[{"embeddable":true,"href":"https:\/\/setmananatura.cat\/2018\/wp-json\/wp\/v2\/media\/147"}],"wp:attachment":[{"href":"https:\/\/setmananatura.cat\/2018\/wp-json\/wp\/v2\/media?parent=137"}],"wp:term":[{"taxonomy":"category","embeddable":true,"href":"https:\/\/setmananatura.cat\/2018\/wp-json\/wp\/v2\/categories?post=137"},{"taxonomy":"post_tag","embeddable":true,"href":"https:\/\/setmananatura.cat\/2018\/wp-json\/wp\/v2\/tags?post=137"}],"curies":[{"name":"wp","href":"https:\/\/api.w.org\/{rel}","templated":true}]}}