{"id":1387,"date":"2017-05-24T11:15:45","date_gmt":"2017-05-24T10:15:45","guid":{"rendered":"http:\/\/www.setmananatura.cat\/?p=1387"},"modified":"2017-05-24T11:20:31","modified_gmt":"2017-05-24T10:20:31","slug":"els-centres-de-fauna-de-la-generalitat-de-catalunya-organitzen-5-jornades-tematiques","status":"publish","type":"post","link":"https:\/\/setmananatura.cat\/2017\/blog\/2017\/05\/24\/els-centres-de-fauna-de-la-generalitat-de-catalunya-organitzen-5-jornades-tematiques\/","title":{"rendered":"Els Centres de Fauna de la Generalitat de Catalunya organitzen 5 jornades tem\u00e0tiques"},"content":{"rendered":"<p>En motiu de la Setmana de la Natura han organitzat diverses jornades on expliquen les tasques que realitzen.<\/p>\n<p><!--more--><\/p>\n<p>A continuaci\u00f3 trobareu informaci\u00f3 de cada jornada:<\/p>\n<p style=\"padding-left: 30px;\"><a href=\"http:\/\/www.setmananatura.cat\/activitat\/setmana-de-la-natura-als-centres-de-fauna-torreferrussa-2\/\" target=\"_blank\" rel=\"noopener noreferrer\"><strong>Divendres 2 de juny \u2013 Centre de Fauna de Torreferrussa<\/strong>. <\/a>Parlaran sobre el retorn del llop a Catalunya, la conservaci\u00f3 de la fauna urbana i el projecte EduCAR (el programa de sensibilitzaci\u00f3 i educaci\u00f3 ambiental del Cos d\u2019Agents Rurals)<\/p>\n<p style=\"padding-left: 30px;\"><a href=\"http:\/\/www.setmananatura.cat\/activitat\/setmana-de-la-natura-als-centres-de-fauna-vallcalent\/\" target=\"_blank\" rel=\"noopener noreferrer\"><strong>Dimarts 6 de juny \u2013 Centre de Fauna de Vallcalent<\/strong>. <\/a>Parlaran sobre els necr\u00f2fags: evoluci\u00f3 i estat actual de les poblacions, el projecte de reintroducci\u00f3 del voltor negre al Prepirineu, els beneficis ecosist\u00e8mics dels necr\u00f2fags i les interaccions entre els voltors i el bestiar dom\u00e8stic.<\/p>\n<p style=\"padding-left: 30px;\"><a href=\"http:\/\/www.setmananatura.cat\/activitat\/setmana-de-la-natura-als-centres-de-fauna-torreferrussa\/\" target=\"_blank\" rel=\"noopener noreferrer\"><strong>Dimecres 7 de juny \u2013 Centre de Fauna de Torreferrussa.<\/strong><\/a> \u00a0Parlaran sobre les rapinyaires a Catalunya, la conservaci\u00f3 de les lib\u00e8l\u00b7lules, els Centres de Fauna com a eina educativa, presentaran el Centre Camadoca i parlaran sobre \u201cCreativitat, innovaci\u00f3 i comunicaci\u00f3\u201d.<\/p>\n<p style=\"padding-left: 30px;\"><a href=\"http:\/\/www.setmananatura.cat\/activitat\/setmana-de-la-natura-als-centres-de-fauna-pont-de-suert\/\" target=\"_blank\" rel=\"noopener noreferrer\"><strong>Dijous 8 de juny \u2013 Centre de Fauna del Pont de Suert<\/strong>.<\/a> Parlaran sobre el trit\u00f3 del Montseny, el programa LIFE trit\u00f3 del Montseny i les patologies en poblacions salvatges d\u2019amfibis.<\/p>\n<p style=\"padding-left: 30px;\"><a href=\"http:\/\/www.setmananatura.cat\/activitat\/setmana-de-la-natura-als-centres-de-fauna-centre-de-fauna-aiguamolls-de-lemporda\/\" target=\"_blank\" rel=\"noopener noreferrer\"><strong>Divendres 9 de juny \u2013 Centre de Fauna dels Aiguamolls de l\u2019Empord\u00e0.<\/strong><\/a> Parlaran sobre les esp\u00e8cies de vertebrats marins i com dientificar-los, quan i on veure ocells a Catalunya, sobre el seguiment de les poblacions de l\u2019os bru a Catalunya i sobre la distribuci\u00f3 actual de la ll\u00fadriga a Catalunya.<\/p>\n<p>La participaci\u00f3 a cada jornada \u00e9s gratu\u00efta. Cal fer inscripci\u00f3 pr\u00e8via contactant amb francesc.manas@gencat.cat<\/p>\n<p>Per a m\u00e9s informaci\u00f3 <a href=\"http:\/\/setmananatura.cat\/wp-content\/uploads\/sites\/4\/setmana_de_la_natura_centres_de_fauna.pdf\" target=\"_blank\" rel=\"noopener noreferrer\">consulteu el Programa complert de les 5 jornades!<\/a><\/p>\n<p><strong>ELS CENTRES DE FAUNA SALVATGE<\/strong><\/p>\n<p>Els centres de fauna salvatge tenen com a funcions principals i origin\u00e0ries rehabilitar i alliberar, en les millors condicions possibles, els exemplars de les esp\u00e8cies de la fauna aut\u00f2ctona protegides, tot analitzant les causes de mortalitat, i participar en programes de cria en captivitat i conservaci\u00f3 ex situ.<\/p>\n<p>Aquestes i altres tasques s\u00f3n les que fan dels centres de recuperaci\u00f3 de fauna una eina fonamental en la conservaci\u00f3 de la biodiversitat: treballant t\u00e8cnicament, investigant, obtenint material cient\u00edfic per al futur, formant, sensibilitzant i educant. El resultat de m\u00e9s de 25 anys de funcionament dels centres de recuperaci\u00f3 de fauna salvatge demostra com el nombre d&#8217;exemplars ingressats i els projectes de conservaci\u00f3 ex situ s&#8217;han anat incrementant de manera progressiva, especialment en els darrers anys.<\/p>\n<p style=\"text-align: center;\"><strong>Agra\u00efm la implicaci\u00f3 dels Centres de Fauna a la Setmana de la Natura i els felicitem per la gran tasca que fan!<\/strong><\/p>\n","protected":false},"excerpt":{"rendered":"<p>En motiu de la Setmana de la Natura han organitzat diverses jornades on expliquen les tasques que realitzen.<\/p>\n","protected":false},"author":2,"featured_media":1373,"comment_status":"closed","ping_status":"open","sticky":false,"template":"","format":"standard","meta":{"footnotes":""},"categories":[1],"tags":[],"class_list":["post-1387","post","type-post","status-publish","format-standard","has-post-thumbnail","hentry","category-general"],"aioseo_notices":[],"_links":{"self":[{"href":"https:\/\/setmananatura.cat\/2017\/wp-json\/wp\/v2\/posts\/1387","targetHints":{"allow":["GET"]}}],"collection":[{"href":"https:\/\/setmananatura.cat\/2017\/wp-json\/wp\/v2\/posts"}],"about":[{"href":"https:\/\/setmananatura.cat\/2017\/wp-json\/wp\/v2\/types\/post"}],"author":[{"embeddable":true,"href":"https:\/\/setmananatura.cat\/2017\/wp-json\/wp\/v2\/users\/2"}],"replies":[{"embeddable":true,"href":"https:\/\/setmananatura.cat\/2017\/wp-json\/wp\/v2\/comments?post=1387"}],"version-history":[{"count":2,"href":"https:\/\/setmananatura.cat\/2017\/wp-json\/wp\/v2\/posts\/1387\/revisions"}],"predecessor-version":[{"id":1389,"href":"https:\/\/setmananatura.cat\/2017\/wp-json\/wp\/v2\/posts\/1387\/revisions\/1389"}],"wp:featuredmedia":[{"embeddable":true,"href":"https:\/\/setmananatura.cat\/2017\/wp-json\/wp\/v2\/media\/1373"}],"wp:attachment":[{"href":"https:\/\/setmananatura.cat\/2017\/wp-json\/wp\/v2\/media?parent=1387"}],"wp:term":[{"taxonomy":"category","embeddable":true,"href":"https:\/\/setmananatura.cat\/2017\/wp-json\/wp\/v2\/categories?post=1387"},{"taxonomy":"post_tag","embeddable":true,"href":"https:\/\/setmananatura.cat\/2017\/wp-json\/wp\/v2\/tags?post=1387"}],"curies":[{"name":"wp","href":"https:\/\/api.w.org\/{rel}","templated":true}]}}